{"id":42660,"date":"2026-04-16T20:31:19","date_gmt":"2026-04-16T19:31:19","guid":{"rendered":"https:\/\/biomimexpo.com\/?p=42660"},"modified":"2026-04-17T07:03:29","modified_gmt":"2026-04-17T06:03:29","slug":"friday-cest-bio-inspire-du-17-avril-2026","status":"publish","type":"post","link":"https:\/\/biomimexpo.com\/en\/2026\/04\/16\/friday-cest-bio-inspire-du-17-avril-2026\/","title":{"rendered":"\u00ab\u00a0Friday c\u2019est bio-inspir\u00e9\u00a0\u00bb du 17 avril 2026"},"content":{"rendered":"<p>Revue et de presse, tendances et actualit\u00e9s, ce que nous avons vu, lu et entendu et que nous souhaitions partager avec vous. Friday c\u2019est bio-inspir\u00e9 propose de d\u00e9crypter l\u2019actualit\u00e9 \u00e9conomique, sociale et strat\u00e9gique \u00e0 la lumi\u00e8re des solutions que pourraient nous apporter le Vivant en mod\u00e8le et alli\u00e9.<\/p>\n\n\n\n<hr class=\"wp-block-separator has-text-color has-alpha-channel-opacity has-background is-style-default\" style=\"background-color:#0a563a;color:#0a563a\"\/>\n\n\n\n<div class=\"wp-block-columns is-layout-flex wp-container-core-columns-is-layout-9d6595d7 wp-block-columns-is-layout-flex\">\n<div class=\"wp-block-column is-layout-flow wp-block-column-is-layout-flow\">\n<figure class=\"wp-block-image size-large\"><img data-recalc-dims=\"1\" loading=\"lazy\" decoding=\"async\" width=\"676\" height=\"676\" data-attachment-id=\"42661\" data-permalink=\"https:\/\/biomimexpo.com\/en\/2026\/04\/16\/friday-cest-bio-inspire-du-17-avril-2026\/fbi-agriodor-170426\/\" data-orig-file=\"https:\/\/i0.wp.com\/biomimexpo.com\/wp-content\/uploads\/2026\/04\/FBI-Agriodor-170426.jpg?fit=3556%2C3556&amp;ssl=1\" data-orig-size=\"3556,3556\" data-comments-opened=\"1\" data-image-meta=\"{&quot;aperture&quot;:&quot;0&quot;,&quot;credit&quot;:&quot;&quot;,&quot;camera&quot;:&quot;&quot;,&quot;caption&quot;:&quot;&quot;,&quot;created_timestamp&quot;:&quot;0&quot;,&quot;copyright&quot;:&quot;&quot;,&quot;focal_length&quot;:&quot;0&quot;,&quot;iso&quot;:&quot;0&quot;,&quot;shutter_speed&quot;:&quot;0&quot;,&quot;title&quot;:&quot;&quot;,&quot;orientation&quot;:&quot;1&quot;}\" data-image-title=\"FBI Agriodor 170426\" data-image-description=\"\" data-image-caption=\"\" data-large-file=\"https:\/\/i0.wp.com\/biomimexpo.com\/wp-content\/uploads\/2026\/04\/FBI-Agriodor-170426.jpg?fit=676%2C676&amp;ssl=1\" src=\"https:\/\/i0.wp.com\/biomimexpo.com\/wp-content\/uploads\/2026\/04\/FBI-Agriodor-170426.jpg?resize=676%2C676&#038;ssl=1\" alt=\"\" class=\"wp-image-42661\" srcset=\"https:\/\/i0.wp.com\/biomimexpo.com\/wp-content\/uploads\/2026\/04\/FBI-Agriodor-170426.jpg?resize=1024%2C1024&amp;ssl=1 1024w, https:\/\/i0.wp.com\/biomimexpo.com\/wp-content\/uploads\/2026\/04\/FBI-Agriodor-170426.jpg?resize=300%2C300&amp;ssl=1 300w, https:\/\/i0.wp.com\/biomimexpo.com\/wp-content\/uploads\/2026\/04\/FBI-Agriodor-170426.jpg?resize=150%2C150&amp;ssl=1 150w, https:\/\/i0.wp.com\/biomimexpo.com\/wp-content\/uploads\/2026\/04\/FBI-Agriodor-170426.jpg?resize=768%2C768&amp;ssl=1 768w, https:\/\/i0.wp.com\/biomimexpo.com\/wp-content\/uploads\/2026\/04\/FBI-Agriodor-170426.jpg?resize=1536%2C1536&amp;ssl=1 1536w, https:\/\/i0.wp.com\/biomimexpo.com\/wp-content\/uploads\/2026\/04\/FBI-Agriodor-170426.jpg?resize=2048%2C2048&amp;ssl=1 2048w, https:\/\/i0.wp.com\/biomimexpo.com\/wp-content\/uploads\/2026\/04\/FBI-Agriodor-170426.jpg?resize=12%2C12&amp;ssl=1 12w, https:\/\/i0.wp.com\/biomimexpo.com\/wp-content\/uploads\/2026\/04\/FBI-Agriodor-170426.jpg?resize=1200%2C1200&amp;ssl=1 1200w, https:\/\/i0.wp.com\/biomimexpo.com\/wp-content\/uploads\/2026\/04\/FBI-Agriodor-170426.jpg?resize=800%2C800&amp;ssl=1 800w, https:\/\/i0.wp.com\/biomimexpo.com\/wp-content\/uploads\/2026\/04\/FBI-Agriodor-170426.jpg?resize=600%2C600&amp;ssl=1 600w, https:\/\/i0.wp.com\/biomimexpo.com\/wp-content\/uploads\/2026\/04\/FBI-Agriodor-170426.jpg?resize=400%2C400&amp;ssl=1 400w, https:\/\/i0.wp.com\/biomimexpo.com\/wp-content\/uploads\/2026\/04\/FBI-Agriodor-170426.jpg?resize=200%2C200&amp;ssl=1 200w, https:\/\/i0.wp.com\/biomimexpo.com\/wp-content\/uploads\/2026\/04\/FBI-Agriodor-170426.jpg?resize=676%2C676&amp;ssl=1 676w, https:\/\/i0.wp.com\/biomimexpo.com\/wp-content\/uploads\/2026\/04\/FBI-Agriodor-170426.jpg?w=1352&amp;ssl=1 1352w\" sizes=\"auto, (max-width: 676px) 100vw, 676px\" \/><\/figure>\n\n\n\n<figure class=\"wp-block-embed is-type-video is-provider-youtube wp-block-embed-youtube wp-embed-aspect-16-9 wp-has-aspect-ratio\"><div class=\"wp-block-embed__wrapper\">\n<div class=\"jetpack-video-wrapper\"><span class=\"embed-youtube\" style=\"text-align:center; display: block;\"><iframe loading=\"lazy\" class=\"youtube-player\" width=\"676\" height=\"381\" src=\"https:\/\/www.youtube.com\/embed\/JgNcOMoYUX0?version=3&#038;rel=1&#038;showsearch=0&#038;showinfo=1&#038;iv_load_policy=1&#038;fs=1&#038;hl=en-GB&#038;autohide=2&#038;wmode=transparent\" allowfullscreen=\"true\" style=\"border:0;\" sandbox=\"allow-scripts allow-same-origin allow-popups allow-presentation allow-popups-to-escape-sandbox\"><\/iframe><\/span><\/div>\n<\/div><\/figure>\n<\/div>\n\n\n\n<div class=\"wp-block-column is-layout-flow wp-block-column-is-layout-flow\">\n<p class=\"has-text-color has-link-color has-large-font-size wp-elements-3a0c631cc0cff0003d70b953f8cc233e\" style=\"color:#0a563a;line-height:1\"><strong><strong>STARTUP &gt;&gt; Agriodor, des odeurs qui peuvent changer le monde<\/strong><\/strong><\/p>\n\n\n\n<p style=\"font-size:16px\">Vu dans Les Echos. La startup fran\u00e7aise Agriodor d\u00e9veloppe une approche innovante de protection des cultures fond\u00e9e sur\u2026 les odeurs.<\/p>\n\n\n\n<p style=\"font-size:16px\">Son principe : reproduire les signaux chimiques naturellement \u00e9mis par les plantes pour influencer le comportement des insectes ravageurs. Plut\u00f4t que de les tuer avec des pesticides, ces \u201cparfums\u201d permettent de les attirer, les repousser ou perturber leur orientation, prot\u00e9geant ainsi les cultures tout en pr\u00e9servant la biodiversit\u00e9.<\/p>\n\n\n\n<p style=\"font-size:16px\">Spin-off de l\u2019INRAE, la startup s\u2019appuie sur l\u2019\u00e9cologie chimique et d\u00e9veloppe une nouvelle g\u00e9n\u00e9ration de solutions de biocontr\u00f4le olfactif, d\u00e9j\u00e0 test\u00e9es sur plusieurs cultures (betterave notamment) avec des r\u00e9sultats prometteurs.<\/p>\n\n\n\n<p style=\"font-size:16px\">Dans un contexte o\u00f9 les insectes d\u00e9veloppent des r\u00e9sistances aux pesticides, o\u00f9 les r\u00e9glementations se durcissent, o\u00f9 les rendements agricoles sont \u00e0 la peine, et o\u00f9 la biodiversit\u00e9 d\u00e9cline, cette approche est une alternative cr\u00e9dible, efficace et \u00ab\u00a0scalable\u00a0\u00bb aux solutions chimiques traditionnelles.<\/p>\n\n\n\n<div data-wp-context=\"{ &quot;autoclose&quot;: false, &quot;accordionItems&quot;: [] }\" data-wp-interactive=\"core\/accordion\" role=\"group\" class=\"wp-block-accordion is-layout-flow wp-block-accordion-is-layout-flow\">\n<div data-wp-class--is-open=\"state.isOpen\" data-wp-context=\"{ &quot;id&quot;: &quot;accordion-item-1&quot;, &quot;openByDefault&quot;: false }\" data-wp-init=\"callbacks.initAccordionItems\" data-wp-on-window--hashchange=\"callbacks.hashChange\" class=\"wp-block-accordion-item is-layout-flow wp-block-accordion-item-is-layout-flow\">\n<h5 class=\"wp-block-accordion-heading has-text-color has-link-color has-medium-font-size wp-elements-258063b465bf27550ad42125a247f4eb\" style=\"color:#0a563a\"><button aria-expanded=\"false\" aria-controls=\"accordion-item-1-panel\" data-wp-bind--aria-expanded=\"state.isOpen\" data-wp-on--click=\"actions.toggle\" data-wp-on--keydown=\"actions.handleKeyDown\" id=\"accordion-item-1\" type=\"button\" class=\"wp-block-accordion-heading__toggle\"><span class=\"wp-block-accordion-heading__toggle-title\">&gt;&gt; Agriodor, d\u00e9j\u00e0 1er Prix des Biomim&rsquo;expo Awards 2025<\/span><span class=\"wp-block-accordion-heading__toggle-icon\" aria-hidden=\"true\">+<\/span><\/button><\/h5>\n\n\n\n<div inert aria-labelledby=\"accordion-item-1\" data-wp-bind--inert=\"!state.isOpen\" id=\"accordion-item-1-panel\" role=\"region\" class=\"wp-block-accordion-panel is-layout-flow wp-block-accordion-panel-is-layout-flow\">\n<p class=\"has-text-color has-link-color wp-elements-6dafb3fce856d208ee1dc3f51e5e42f7\" style=\"color:#0a563a;font-size:16px\">En vid\u00e9o ici Alain Thibault, fondateur CEO, vous explique Agriodor et le potentiel !<\/p>\n<\/div>\n<\/div>\n\n\n\n<div data-wp-class--is-open=\"state.isOpen\" data-wp-context=\"{ &quot;id&quot;: &quot;accordion-item-2&quot;, &quot;openByDefault&quot;: false }\" data-wp-init=\"callbacks.initAccordionItems\" data-wp-on-window--hashchange=\"callbacks.hashChange\" class=\"wp-block-accordion-item is-layout-flow wp-block-accordion-item-is-layout-flow\">\n<h5 class=\"wp-block-accordion-heading has-text-color has-link-color has-medium-font-size wp-elements-2f79fa8db72cb544e10130aabfa11fcf\" style=\"color:#0a563a\"><button aria-expanded=\"false\" aria-controls=\"accordion-item-2-panel\" data-wp-bind--aria-expanded=\"state.isOpen\" data-wp-on--click=\"actions.toggle\" data-wp-on--keydown=\"actions.handleKeyDown\" id=\"accordion-item-2\" type=\"button\" class=\"wp-block-accordion-heading__toggle\"><span class=\"wp-block-accordion-heading__toggle-title\">&gt;&gt; Pourquoi c&rsquo;est d&rsquo;une importance strat\u00e9gique ?<\/span><span class=\"wp-block-accordion-heading__toggle-icon\" aria-hidden=\"true\">+<\/span><\/button><\/h5>\n\n\n\n<div inert aria-labelledby=\"accordion-item-2\" data-wp-bind--inert=\"!state.isOpen\" id=\"accordion-item-2-panel\" role=\"region\" class=\"wp-block-accordion-panel is-layout-flow wp-block-accordion-panel-is-layout-flow\">\n<p class=\"has-text-color has-link-color wp-elements-b9b0e612ea7e4e86ac196350cb60cb57\" style=\"color:#0a563a;font-size:16px\">Derri\u00e8re l\u2019innovation agricole \u2026 c&rsquo;est un enjeu d\u2019ind\u00e9pendance strat\u00e9gique. <\/p>\n\n\n\n<p class=\"has-text-color has-link-color wp-elements-b7178642017e62327ae1a47138f46161\" style=\"color:#0a563a;font-size:16px\">Ce sujet en effet d\u00e9passe largement l\u2019agriculture. Pourquoi ? On parle beaucoup de d\u00e9pendance \u00e9nerg\u00e9tique ou p\u00e9troli\u00e8re, mais beaucoup moins de d\u00e9pendance aux intrants agricoles (engrais, pesticides &#8230;), pourtant, eux aussi sont bas\u00e9s sur le p\u00e9trole et sont produits dans des zones g\u00e9opolitiquement sensibles. Les engrais aussi passent par le d\u00e9troit d&rsquo;Ormuz !<\/p>\n\n\n\n<p class=\"has-text-color has-link-color wp-elements-3345faab4a31752cc00072533b0eb26e\" style=\"color:#0a563a;font-size:16px\">D\u00e9velopper des solutions fond\u00e9es sur le vivant, produites localement, revient aussi \u00e0 r\u00e9duire la d\u00e9pendance aux cha\u00eenes d\u2019approvisionnement internationales ; \u00e0 limiter l\u2019exposition aux chocs g\u00e9opolitiques ; et \u00e0 renforcer la souverainet\u00e9 agricole.<\/p>\n\n\n\n<p class=\"has-text-color has-link-color wp-elements-e47430c89423a3a287dac61c96bc7296\" style=\"color:#0a563a;font-size:16px\">En France on n&rsquo;a toujours pas de p\u00e9trole, mais on a des entreprises innovantes comme Agriodor qui peuvent aider \u00e0 r\u00e9inventer l&rsquo;agriculture, ce serait dommage qu&rsquo;elles partent l&rsquo;appliquer ailleurs ! <\/p>\n<\/div>\n<\/div>\n\n\n\n<div data-wp-class--is-open=\"state.isOpen\" data-wp-context=\"{ &quot;id&quot;: &quot;accordion-item-3&quot;, &quot;openByDefault&quot;: false }\" data-wp-init=\"callbacks.initAccordionItems\" data-wp-on-window--hashchange=\"callbacks.hashChange\" class=\"wp-block-accordion-item is-layout-flow wp-block-accordion-item-is-layout-flow\">\n<h5 class=\"wp-block-accordion-heading has-text-color has-link-color has-medium-font-size wp-elements-a6ba110bb547b515b938e5dbff01dd13\" style=\"color:#0a563a\"><button aria-expanded=\"false\" aria-controls=\"accordion-item-3-panel\" data-wp-bind--aria-expanded=\"state.isOpen\" data-wp-on--click=\"actions.toggle\" data-wp-on--keydown=\"actions.handleKeyDown\" id=\"accordion-item-3\" type=\"button\" class=\"wp-block-accordion-heading__toggle\"><span class=\"wp-block-accordion-heading__toggle-title\">&gt;&gt; L&rsquo;incroyable pouvoir des odeurs<\/span><span class=\"wp-block-accordion-heading__toggle-icon\" aria-hidden=\"true\">+<\/span><\/button><\/h5>\n\n\n\n<div inert aria-labelledby=\"accordion-item-3\" data-wp-bind--inert=\"!state.isOpen\" id=\"accordion-item-3-panel\" role=\"region\" class=\"wp-block-accordion-panel is-layout-flow wp-block-accordion-panel-is-layout-flow\">\n<p class=\"has-text-color has-link-color wp-elements-7279bbe1f0f1f2bf28d77c3610343aae\" style=\"color:#0a563a;font-size:16px\">Ce sujet r\u00e9v\u00e8le un point fascinant souvent sous-estim\u00e9 qu&rsquo;on aime r\u00e9v\u00e9ler \u00e0 Biomim&rsquo;expo notamment : l\u2019odeur est l\u2019un des principaux langages du vivant ! Par exemple chez les insectes les odeurs servent \u00e0 trouver de la nourriture, localiser une plante, choisir un partenaire, \u00e9viter un danger &#8230; d&rsquo;ailleurs si on y r\u00e9fl\u00e9chit un peu, chez nous aussi non ? \ud83d\ude09<\/p>\n\n\n\n<p class=\"has-text-color has-link-color wp-elements-be95e726f7818aeeb41d305eeb02019f\" style=\"color:#0a563a;font-size:16px\">Et il n&rsquo;y a pas que les b\u00eates \u00e0 6 pattes (ou plus ou moins), les plantes aussi communiquent \u00e9norm\u00e9ment par les odeurs : pour attirer des pollinisateurs (qui ne les trouvent pas par hasard figurez-vous, ils sont attir\u00e9s, au risque de vous d\u00e9cevoir), pour repousser des ravageurs, voire pour \u201calerter\u201d d\u2019autres plantes d&rsquo;un danger.<\/p>\n\n\n\n<p class=\"has-text-color has-link-color wp-elements-cafd10309196a6259d98cb4453f7bb02\" style=\"color:#0a563a;font-size:16px\">D&rsquo;une certaine mani\u00e8re, les odeurs sont le \u201cm\u00e9dia invisible\u201d du vivant. Agriodor \u00ab\u00a0ne fait que\u00a0\u00bb traduire et reproduire un langage universel dans la nature.<\/p>\n<\/div>\n<\/div>\n\n\n\n<div data-wp-class--is-open=\"state.isOpen\" data-wp-context=\"{ &quot;id&quot;: &quot;accordion-item-4&quot;, &quot;openByDefault&quot;: false }\" data-wp-init=\"callbacks.initAccordionItems\" data-wp-on-window--hashchange=\"callbacks.hashChange\" class=\"wp-block-accordion-item is-layout-flow wp-block-accordion-item-is-layout-flow\">\n<h5 class=\"wp-block-accordion-heading has-text-color has-link-color has-medium-font-size wp-elements-03241b221cbc08bbc9c290070dda9cd7\" style=\"color:#0a563a\"><button aria-expanded=\"false\" aria-controls=\"accordion-item-4-panel\" data-wp-bind--aria-expanded=\"state.isOpen\" data-wp-on--click=\"actions.toggle\" data-wp-on--keydown=\"actions.handleKeyDown\" id=\"accordion-item-4\" type=\"button\" class=\"wp-block-accordion-heading__toggle\"><span class=\"wp-block-accordion-heading__toggle-title\">&gt;&gt; Liens utiles<\/span><span class=\"wp-block-accordion-heading__toggle-icon\" aria-hidden=\"true\">+<\/span><\/button><\/h5>\n\n\n\n<div inert aria-labelledby=\"accordion-item-4\" data-wp-bind--inert=\"!state.isOpen\" id=\"accordion-item-4-panel\" role=\"region\" class=\"wp-block-accordion-panel is-layout-flow wp-block-accordion-panel-is-layout-flow\">\n<p class=\"has-text-color has-link-color wp-elements-b28a32cc274c0fa628116e5c1e26325c\" style=\"color:#0a563a;font-size:16px\">&gt; <a href=\"https:\/\/www.agriodor.com\/\" target=\"_blank\" rel=\"noreferrer noopener\">Agriodor<\/a><\/p>\n\n\n\n<p class=\"has-text-color has-link-color wp-elements-558aa2cff332b0e8c68c3c013c7b02bb\" style=\"color:#0a563a;font-size:16px\">&gt; <a href=\"https:\/\/www.lesechos.fr\/start-up\/impact\/french-tech-agriodor-mise-sur-les-odeurs-pour-proteger-les-cultures-2226500\" target=\"_blank\" rel=\"noreferrer noopener\">Article Les Echos<\/a><\/p>\n<\/div>\n<\/div>\n<\/div>\n<\/div>\n<\/div>\n\n\n\n<hr class=\"wp-block-separator has-text-color has-alpha-channel-opacity has-background is-style-default\" style=\"background-color:#0a563a;color:#0a563a\"\/>\n\n\n\n<div class=\"wp-block-columns is-layout-flex wp-container-core-columns-is-layout-9d6595d7 wp-block-columns-is-layout-flex\">\n<div class=\"wp-block-column is-layout-flow wp-block-column-is-layout-flow\">\n<figure class=\"wp-block-image size-large\"><img data-recalc-dims=\"1\" loading=\"lazy\" decoding=\"async\" width=\"676\" height=\"676\" data-attachment-id=\"42673\" data-permalink=\"https:\/\/biomimexpo.com\/en\/2026\/04\/16\/friday-cest-bio-inspire-du-17-avril-2026\/fbi-dettes-170426\/\" data-orig-file=\"https:\/\/i0.wp.com\/biomimexpo.com\/wp-content\/uploads\/2026\/04\/FBI-Dettes-170426.jpg?fit=3556%2C3556&amp;ssl=1\" data-orig-size=\"3556,3556\" data-comments-opened=\"1\" data-image-meta=\"{&quot;aperture&quot;:&quot;0&quot;,&quot;credit&quot;:&quot;&quot;,&quot;camera&quot;:&quot;&quot;,&quot;caption&quot;:&quot;&quot;,&quot;created_timestamp&quot;:&quot;0&quot;,&quot;copyright&quot;:&quot;&quot;,&quot;focal_length&quot;:&quot;0&quot;,&quot;iso&quot;:&quot;0&quot;,&quot;shutter_speed&quot;:&quot;0&quot;,&quot;title&quot;:&quot;&quot;,&quot;orientation&quot;:&quot;1&quot;}\" data-image-title=\"FBI Dettes 170426\" data-image-description=\"\" data-image-caption=\"\" data-large-file=\"https:\/\/i0.wp.com\/biomimexpo.com\/wp-content\/uploads\/2026\/04\/FBI-Dettes-170426.jpg?fit=676%2C676&amp;ssl=1\" src=\"https:\/\/i0.wp.com\/biomimexpo.com\/wp-content\/uploads\/2026\/04\/FBI-Dettes-170426.jpg?resize=676%2C676&#038;ssl=1\" alt=\"\" class=\"wp-image-42673\" srcset=\"https:\/\/i0.wp.com\/biomimexpo.com\/wp-content\/uploads\/2026\/04\/FBI-Dettes-170426.jpg?resize=1024%2C1024&amp;ssl=1 1024w, https:\/\/i0.wp.com\/biomimexpo.com\/wp-content\/uploads\/2026\/04\/FBI-Dettes-170426.jpg?resize=300%2C300&amp;ssl=1 300w, https:\/\/i0.wp.com\/biomimexpo.com\/wp-content\/uploads\/2026\/04\/FBI-Dettes-170426.jpg?resize=150%2C150&amp;ssl=1 150w, https:\/\/i0.wp.com\/biomimexpo.com\/wp-content\/uploads\/2026\/04\/FBI-Dettes-170426.jpg?resize=768%2C768&amp;ssl=1 768w, https:\/\/i0.wp.com\/biomimexpo.com\/wp-content\/uploads\/2026\/04\/FBI-Dettes-170426.jpg?resize=1536%2C1536&amp;ssl=1 1536w, https:\/\/i0.wp.com\/biomimexpo.com\/wp-content\/uploads\/2026\/04\/FBI-Dettes-170426.jpg?resize=2048%2C2048&amp;ssl=1 2048w, https:\/\/i0.wp.com\/biomimexpo.com\/wp-content\/uploads\/2026\/04\/FBI-Dettes-170426.jpg?resize=12%2C12&amp;ssl=1 12w, https:\/\/i0.wp.com\/biomimexpo.com\/wp-content\/uploads\/2026\/04\/FBI-Dettes-170426.jpg?resize=1200%2C1200&amp;ssl=1 1200w, https:\/\/i0.wp.com\/biomimexpo.com\/wp-content\/uploads\/2026\/04\/FBI-Dettes-170426.jpg?resize=800%2C800&amp;ssl=1 800w, https:\/\/i0.wp.com\/biomimexpo.com\/wp-content\/uploads\/2026\/04\/FBI-Dettes-170426.jpg?resize=600%2C600&amp;ssl=1 600w, https:\/\/i0.wp.com\/biomimexpo.com\/wp-content\/uploads\/2026\/04\/FBI-Dettes-170426.jpg?resize=400%2C400&amp;ssl=1 400w, https:\/\/i0.wp.com\/biomimexpo.com\/wp-content\/uploads\/2026\/04\/FBI-Dettes-170426.jpg?resize=200%2C200&amp;ssl=1 200w, https:\/\/i0.wp.com\/biomimexpo.com\/wp-content\/uploads\/2026\/04\/FBI-Dettes-170426.jpg?resize=676%2C676&amp;ssl=1 676w, https:\/\/i0.wp.com\/biomimexpo.com\/wp-content\/uploads\/2026\/04\/FBI-Dettes-170426.jpg?w=1352&amp;ssl=1 1352w\" sizes=\"auto, (max-width: 676px) 100vw, 676px\" \/><\/figure>\n<\/div>\n\n\n\n<div class=\"wp-block-column is-layout-flow wp-block-column-is-layout-flow\">\n<p class=\"has-text-color has-link-color has-large-font-size wp-elements-d5b16ed3f87e2768f09c25429a59cc13\" style=\"color:#0a563a;line-height:1\"><strong><strong>DETTE PUBLIQUE &gt;&gt; L&rsquo;heure des choix a sonn\u00e9. <\/strong><\/strong><em>Mais comment ferait le Vivant ?<\/em><\/p>\n\n\n\n<p style=\"font-size:16px\">La dette publique mondiale atteint aujourd\u2019hui des niveaux in\u00e9dits depuis la Seconde Guerre mondiale. Selon plusieurs analyses r\u00e9centes, elle d\u00e9passe d\u00e9sormais largement les 90 000 milliards de dollars \u00e0 l\u2019\u00e9chelle globale, port\u00e9e par une succession de crises : financi\u00e8re, sanitaire, \u00e9nerg\u00e9tique et g\u00e9opolitique. Mais c&rsquo;est aussi, de mon point de vue (AR), la preuve d&rsquo;un manque de courage politique, et peut-\u00eatre encore plus, de strat\u00e9gie et de vision. La \u00ab\u00a0solution\u00a0\u00bb \u00e9vidente face \u00e0 un probl\u00e8me est de d\u00e9penser plus. Il suffit d&rsquo;observer le d\u00e9bat politique.<\/p>\n\n\n\n<p style=\"font-size:16px\">Dans son \u00e9dito dans Les Echos, Jean-Marc Vittori souligne le caract\u00e8re vertigineux de cette accumulation : les \u00c9tats se sont massivement endett\u00e9s pour amortir les chocs successifs, mais sans v\u00e9ritable retour \u00e0 l\u2019\u00e9quilibre. R\u00e9sultat : la dette devient structurelle, et non plus conjoncturelle.<\/p>\n\n\n\n<p style=\"font-size:16px\">Cette situation cr\u00e9e une tension croissante : d\u2019un c\u00f4t\u00e9, des besoins d\u2019investissement colossaux (transition \u00e9nerg\u00e9tique, d\u00e9fense, sant\u00e9, adaptation climatique)<br>de l\u2019autre, des marges de man\u0153uvre budg\u00e9taires de plus en plus limit\u00e9es.<\/p>\n\n\n\n<p style=\"font-size:16px\">Le risque n\u2019est plus seulement financier. Il devient politique et strat\u00e9gique : les \u00c9tats (consid\u00e9r\u00e9 encore en France comme un Etat Providence) pourraient ne plus avoir les moyens d\u2019agir face aux crises \u00e0 venir.<\/p>\n\n\n\n<div data-wp-context=\"{ &quot;autoclose&quot;: false, &quot;accordionItems&quot;: [] }\" data-wp-interactive=\"core\/accordion\" role=\"group\" class=\"wp-block-accordion is-layout-flow wp-block-accordion-is-layout-flow\">\n<div data-wp-class--is-open=\"state.isOpen\" data-wp-context=\"{ &quot;id&quot;: &quot;accordion-item-5&quot;, &quot;openByDefault&quot;: false }\" data-wp-init=\"callbacks.initAccordionItems\" data-wp-on-window--hashchange=\"callbacks.hashChange\" class=\"wp-block-accordion-item is-layout-flow wp-block-accordion-item-is-layout-flow\">\n<h5 class=\"wp-block-accordion-heading has-text-color has-link-color has-medium-font-size wp-elements-31d96a61e0b7baf865417b76dd84df48\" style=\"color:#0a563a\"><button aria-expanded=\"false\" aria-controls=\"accordion-item-5-panel\" data-wp-bind--aria-expanded=\"state.isOpen\" data-wp-on--click=\"actions.toggle\" data-wp-on--keydown=\"actions.handleKeyDown\" id=\"accordion-item-5\" type=\"button\" class=\"wp-block-accordion-heading__toggle\"><span class=\"wp-block-accordion-heading__toggle-title\">&gt;&gt; Pourquoi c&rsquo;est important ?<\/span><span class=\"wp-block-accordion-heading__toggle-icon\" aria-hidden=\"true\">+<\/span><\/button><\/h5>\n\n\n\n<div inert aria-labelledby=\"accordion-item-5\" data-wp-bind--inert=\"!state.isOpen\" id=\"accordion-item-5-panel\" role=\"region\" class=\"wp-block-accordion-panel is-layout-flow wp-block-accordion-panel-is-layout-flow\">\n<p class=\"has-text-color has-link-color wp-elements-5892a3cb11b2cbde6819b6dc2c5d3c00\" style=\"color:#0a563a;font-size:16px\">Pendant des d\u00e9cennies, la dette a \u00e9t\u00e9 per\u00e7ue comme un levier : on s\u2019endette aujourd\u2019hui pour investir pour demain.<\/p>\n\n\n\n<p class=\"has-text-color has-link-color wp-elements-d5966f71308696e7bd999131711fb5f2\" style=\"color:#0a563a;font-size:16px\">Mais aujourd&rsquo;hui un changement \u00e0 180\u00b0 s\u2019op\u00e8re, nous entrons d\u00e9sormais dans une phase o\u00f9 <strong>il ne s\u2019agit plus d\u2019augmenter la dette pour investir, mais au contraire de la contenir, voire de la r\u00e9duire pour pourvoir investir<\/strong>. <\/p>\n\n\n\n<p class=\"has-text-color has-link-color wp-elements-e0e6c110a1bf07336fa3a24a853867b5\" style=\"color:#0a563a;font-size:16px\">Cette dette a franchi <strong>3 \u00e9tapes<\/strong> : au d\u00e9but la dette servir \u00e0 investir dans les grands projets, la reconstruction, des r\u00e9formes de fonds, des infrastructures &#8230; ; ensuite, elle a servie \u00e0 apaiser les tensions sociales et \u00e9conomiques, comme un \u00ab\u00a0outil politique\u00a0\u00bb et non plus financier ; enfin d\u00e9sormais, elle nous bloque, elle va devenir notre premier poste de d\u00e9pense, elle ne peut plus r\u00e9pondre aux attentes sociales, et elle emp\u00eache d&rsquo;investir face pourtant \u00e0 des besoins croissants :<\/p>\n\n\n\n<ul class=\"wp-block-list\">\n<li class=\"has-text-color has-link-color wp-elements-ad5fa111ef8676d3323d00c65d365628\" style=\"color:#0a563a;font-size:16px\">d\u00e9carboner les \u00e9conomies, <\/li>\n\n\n\n<li class=\"has-text-color has-link-color wp-elements-0fc45eb5a6a8134d5e10b5d233926d0e\" style=\"color:#0a563a;font-size:16px\">restaurer les \u00e9cosyst\u00e8mes<\/li>\n\n\n\n<li class=\"has-text-color has-link-color wp-elements-434667fe20387ee6d81418c5789428cd\" style=\"color:#0a563a;font-size:16px\">r\u00e9duire les risques climatiques<\/li>\n\n\n\n<li class=\"has-text-color has-link-color wp-elements-792ba4b25101d2923a9d2fadc272379d\" style=\"color:#0a563a;font-size:16px\">financer la sant\u00e9 et la recherche<\/li>\n\n\n\n<li class=\"has-text-color has-link-color wp-elements-b58413be34f1ad46282be5ef8a9ae677\" style=\"color:#0a563a;font-size:16px\">lutter contre les in\u00e9galit\u00e9s<\/li>\n\n\n\n<li class=\"has-text-color has-link-color wp-elements-9ea869c217cdda009130b696c8aa659e\" style=\"color:#0a563a;font-size:16px\">pr\u00e9server la s\u00e9curit\u00e9<\/li>\n\n\n\n<li class=\"has-text-color has-link-color wp-elements-c0bde155a06f66fbb39c39c1e0102e92\" style=\"color:#0a563a;font-size:16px\">relocaliser certaines productions<\/li>\n\n\n\n<li class=\"has-text-color has-link-color wp-elements-d215a269188402fd30eb37430b9e2025\" style=\"color:#0a563a;font-size:16px\">...<\/li>\n<\/ul>\n\n\n\n<p class=\"has-text-color has-link-color wp-elements-e23b0c6479a62aab929c3540beee8a82\" style=\"color:#0a563a;font-size:16px\">C&rsquo;est un changement complet de sch\u00e9ma de pens\u00e9e, y compris politique (et c&rsquo;est pour \u00e7a que c&rsquo;est loin d&rsquo;\u00eatre gagn\u00e9 !) : il faut donc faire plus\u2026 avec moins de marges financi\u00e8res, pour r\u00e9pondre \u00e0 des besoins immenses et eux-aussi inflationnistes (plus on tarde plus \u00e7a co\u00fbte). <\/p>\n\n\n\n<p class=\"has-text-color has-link-color wp-elements-cadc6497c1843dc1a8157d5ebb2e8009\" style=\"color:#0a563a;font-size:16px\">Et les arbitrages budg\u00e9taires sont tout aussi difficiles \u00e0 faire du c\u00f4t\u00e9 de la sph\u00e8re priv\u00e9e qui, comme elle le prouve \u00e0 chaque crise, a tendance \u00e0 se recroqueviller lorsque les vents sont forts, en esp\u00e9rant retrouver l&rsquo;accalmie apr\u00e8s la temp\u00eate et reprendre des \u00ab\u00a0vies normales\u00a0\u00bb.<\/p>\n<\/div>\n<\/div>\n\n\n\n<div data-wp-class--is-open=\"state.isOpen\" data-wp-context=\"{ &quot;id&quot;: &quot;accordion-item-6&quot;, &quot;openByDefault&quot;: false }\" data-wp-init=\"callbacks.initAccordionItems\" data-wp-on-window--hashchange=\"callbacks.hashChange\" class=\"wp-block-accordion-item is-layout-flow wp-block-accordion-item-is-layout-flow\">\n<h5 class=\"wp-block-accordion-heading has-text-color has-link-color has-medium-font-size wp-elements-7b61d76044a42702f879e8103cde7719\" style=\"color:#0a563a\"><button aria-expanded=\"false\" aria-controls=\"accordion-item-6-panel\" data-wp-bind--aria-expanded=\"state.isOpen\" data-wp-on--click=\"actions.toggle\" data-wp-on--keydown=\"actions.handleKeyDown\" id=\"accordion-item-6\" type=\"button\" class=\"wp-block-accordion-heading__toggle\"><span class=\"wp-block-accordion-heading__toggle-title\">&gt;&gt; Quelle lecture par le Vivant ? (proposition)<\/span><span class=\"wp-block-accordion-heading__toggle-icon\" aria-hidden=\"true\">+<\/span><\/button><\/h5>\n\n\n\n<div inert aria-labelledby=\"accordion-item-6\" data-wp-bind--inert=\"!state.isOpen\" id=\"accordion-item-6-panel\" role=\"region\" class=\"wp-block-accordion-panel is-layout-flow wp-block-accordion-panel-is-layout-flow\">\n<p class=\"has-text-color has-link-color wp-elements-0254324527b6146e92700cca27f67fa2\" style=\"color:#0a563a;font-size:16px\">Le vivant sait g\u00e9rer des ressources finies, par la circularit\u00e9, le recyclage, la sobri\u00e9t\u00e9, la robustesse si vous voulez &#8230; mais pas seulement. <\/p>\n\n\n\n<p class=\"has-text-color has-link-color wp-elements-8d54839e4bf1cd9d85cc92ea6511c52d\" style=\"color:#0a563a;font-size:16px\">Ce qui est surtout important \u00e0 garder en t\u00eate, c&rsquo;est que le Vivant \u00e9volue en permanence dans un environnement instable. <strong>L&rsquo;instabilit\u00e9, c&rsquo;est sa normalit\u00e9. La crise, son acc\u00e9l\u00e9rateur<\/strong>.<\/p>\n\n\n\n<p class=\"has-text-color has-link-color wp-elements-578e9aa7bb5ff996e75bc6b98078629e\" style=\"color:#0a563a;font-size:16px\">Les crises &#8211; climatiques, \u00e9cologiques, \u00e9nerg\u00e9tiques, alimentaires &#8211; ne sont pas des anomalies (sur le temps long), elles font partie du fonctionnement normal du vivant.<\/p>\n\n\n\n<p class=\"has-text-color has-link-color wp-elements-c8839725d84eb97023ed6eb6e01451ef\" style=\"color:#0a563a;font-size:16px\">Et face \u00e0 ces crises, le vivant ne cherche pas seulement \u00ab\u00a0\u00e0 tenir\u00a0\u00bb (robustesse) , il s\u2019adapte, se transforme, \u00e9volue (r\u00e9silience). On le voit tr\u00e8s concr\u00e8tement aujourd\u2019hui : d\u00e9placement d\u2019esp\u00e8ces vers le nord, modification des cycles biologiques, recomposition d\u2019\u00e9cosyst\u00e8mes, mutations biologiques &#8230; Lorsque notre premier r\u00e9flexe de notre c\u00f4t\u00e9 est plut\u00f4t, en pleine crise, de miser sur des \u00ab\u00a0r\u00e9serves\u00a0\u00bb (dites \u00ab\u00a0strat\u00e9giques\u00a0\u00bb &#8211; mais c&rsquo;est tout sauf strat\u00e9gique de miser sur des r\u00e9serves en r\u00e9alit\u00e9), de r\u00e9duire l&rsquo;activit\u00e9, de d\u00e9penser moins &#8230; certes, mais ce n&rsquo;est pas s&rsquo;adapter, c&rsquo;est attendre le retour \u00ab\u00a0\u00e0 la normale\u00a0\u00bb.<\/p>\n\n\n\n<p class=\"has-text-color has-link-color wp-elements-31e833f6f6f55aa9a37a852c013b0106\" style=\"color:#0a563a;font-size:16px\">Dans le Vivant, les contraintes acc\u00e9l\u00e8rent les mutations, chez nous elles ont tendance \u00e0 les geler.<\/p>\n\n\n\n<p class=\"has-text-color has-link-color wp-elements-7013fdc103ab108091dab1f08ca70405\" style=\"color:#0a563a;font-size:16px\">La question n\u2019est donc pas seulement : comment faire avec moins ? Mais surtout : comment transformer nos mod\u00e8les sous contrainte ?<\/p>\n\n\n\n<p class=\"has-text-color has-link-color wp-elements-cc60fb9caf6d201e8b3a8b673c07d3ef\" style=\"color:#0a563a;font-size:16px\">Autrement dit, les crises financi\u00e8res, climatiques ou g\u00e9opolitiques ne doivent pas seulement \u00eatre des limites, elles peuvent devenir des acc\u00e9l\u00e9rateurs de transformation, \u00e0 condition de les consid\u00e9rer comme telles. <strong>Elles devraient \u00eatre des alli\u00e9es et de bons pr\u00e9textes au changement<\/strong> alors qu&rsquo;elles encouragent le statu quo.<\/p>\n\n\n\n<p class=\"has-text-color has-link-color wp-elements-77324d63e266ef890f7d7345d678aab1\" style=\"color:#0a563a;font-size:16px\">Finalement, on pourrait dire \u201cDans le vivant, les crises ne se \u00ab\u00a0g\u00e8rent\u00a0\u00bb pas, elles transforment.\u201d<\/p>\n<\/div>\n<\/div>\n<\/div>\n<\/div>\n<\/div>\n\n\n\n<hr class=\"wp-block-separator has-text-color has-alpha-channel-opacity has-background is-style-default\" style=\"background-color:#0a563a;color:#0a563a\"\/>\n\n\n\n<div class=\"wp-block-columns is-layout-flex wp-container-core-columns-is-layout-9d6595d7 wp-block-columns-is-layout-flex\">\n<div class=\"wp-block-column is-layout-flow wp-block-column-is-layout-flow\">\n<figure class=\"wp-block-image size-large\"><img data-recalc-dims=\"1\" loading=\"lazy\" decoding=\"async\" width=\"676\" height=\"676\" data-attachment-id=\"42684\" data-permalink=\"https:\/\/biomimexpo.com\/en\/2026\/04\/16\/friday-cest-bio-inspire-du-17-avril-2026\/fbi-bebe-170426\/\" data-orig-file=\"https:\/\/i0.wp.com\/biomimexpo.com\/wp-content\/uploads\/2026\/04\/FBI-Bebe-170426.jpg?fit=3556%2C3556&amp;ssl=1\" data-orig-size=\"3556,3556\" data-comments-opened=\"1\" data-image-meta=\"{&quot;aperture&quot;:&quot;0&quot;,&quot;credit&quot;:&quot;&quot;,&quot;camera&quot;:&quot;&quot;,&quot;caption&quot;:&quot;&quot;,&quot;created_timestamp&quot;:&quot;0&quot;,&quot;copyright&quot;:&quot;&quot;,&quot;focal_length&quot;:&quot;0&quot;,&quot;iso&quot;:&quot;0&quot;,&quot;shutter_speed&quot;:&quot;0&quot;,&quot;title&quot;:&quot;&quot;,&quot;orientation&quot;:&quot;1&quot;}\" data-image-title=\"FBI Be\u0301be\u0301 170426\" data-image-description=\"\" data-image-caption=\"\" data-large-file=\"https:\/\/i0.wp.com\/biomimexpo.com\/wp-content\/uploads\/2026\/04\/FBI-Bebe-170426.jpg?fit=676%2C676&amp;ssl=1\" src=\"https:\/\/i0.wp.com\/biomimexpo.com\/wp-content\/uploads\/2026\/04\/FBI-Bebe-170426.jpg?resize=676%2C676&#038;ssl=1\" alt=\"\" class=\"wp-image-42684\" srcset=\"https:\/\/i0.wp.com\/biomimexpo.com\/wp-content\/uploads\/2026\/04\/FBI-Bebe-170426.jpg?resize=1024%2C1024&amp;ssl=1 1024w, https:\/\/i0.wp.com\/biomimexpo.com\/wp-content\/uploads\/2026\/04\/FBI-Bebe-170426.jpg?resize=300%2C300&amp;ssl=1 300w, https:\/\/i0.wp.com\/biomimexpo.com\/wp-content\/uploads\/2026\/04\/FBI-Bebe-170426.jpg?resize=150%2C150&amp;ssl=1 150w, https:\/\/i0.wp.com\/biomimexpo.com\/wp-content\/uploads\/2026\/04\/FBI-Bebe-170426.jpg?resize=768%2C768&amp;ssl=1 768w, https:\/\/i0.wp.com\/biomimexpo.com\/wp-content\/uploads\/2026\/04\/FBI-Bebe-170426.jpg?resize=1536%2C1536&amp;ssl=1 1536w, https:\/\/i0.wp.com\/biomimexpo.com\/wp-content\/uploads\/2026\/04\/FBI-Bebe-170426.jpg?resize=2048%2C2048&amp;ssl=1 2048w, https:\/\/i0.wp.com\/biomimexpo.com\/wp-content\/uploads\/2026\/04\/FBI-Bebe-170426.jpg?resize=12%2C12&amp;ssl=1 12w, https:\/\/i0.wp.com\/biomimexpo.com\/wp-content\/uploads\/2026\/04\/FBI-Bebe-170426.jpg?resize=1200%2C1200&amp;ssl=1 1200w, https:\/\/i0.wp.com\/biomimexpo.com\/wp-content\/uploads\/2026\/04\/FBI-Bebe-170426.jpg?resize=800%2C800&amp;ssl=1 800w, https:\/\/i0.wp.com\/biomimexpo.com\/wp-content\/uploads\/2026\/04\/FBI-Bebe-170426.jpg?resize=600%2C600&amp;ssl=1 600w, https:\/\/i0.wp.com\/biomimexpo.com\/wp-content\/uploads\/2026\/04\/FBI-Bebe-170426.jpg?resize=400%2C400&amp;ssl=1 400w, https:\/\/i0.wp.com\/biomimexpo.com\/wp-content\/uploads\/2026\/04\/FBI-Bebe-170426.jpg?resize=200%2C200&amp;ssl=1 200w, https:\/\/i0.wp.com\/biomimexpo.com\/wp-content\/uploads\/2026\/04\/FBI-Bebe-170426.jpg?resize=676%2C676&amp;ssl=1 676w, https:\/\/i0.wp.com\/biomimexpo.com\/wp-content\/uploads\/2026\/04\/FBI-Bebe-170426.jpg?w=1352&amp;ssl=1 1352w\" sizes=\"auto, (max-width: 676px) 100vw, 676px\" \/><\/figure>\n<\/div>\n\n\n\n<div class=\"wp-block-column is-layout-flow wp-block-column-is-layout-flow\">\n<p class=\"has-text-color has-link-color has-large-font-size wp-elements-36df9a4ff953cd1657c6a0a80ce8b8f0\" style=\"color:#0a563a;line-height:1\"><strong><strong>SOCI\u00c9T\u00c9 &gt;&gt; Chute de la d\u00e9mographie, quel message ?<\/strong><\/strong><\/p>\n\n\n\n<p style=\"font-size:16px\">La France vient de franchir un seuil historique : en 2025, le nombre de d\u00e9c\u00e8s a d\u00e9pass\u00e9 celui des naissances, marquant un basculement d\u00e9mographique in\u00e9dit. Cette tendance s\u2019inscrit dans un mouvement plus large de baisse de la natalit\u00e9 observ\u00e9 depuis plusieurs ann\u00e9es.<\/p>\n\n\n\n<p style=\"font-size:16px\">Les cons\u00e9quences commencent d\u00e9j\u00e0 \u00e0 se mat\u00e9rialiser. Le syst\u00e8me \u00e9ducatif anticipe une chute massive des effectifs : pr\u00e8s de <strong>1,7 million d\u2019\u00e9l\u00e8ves en moins d\u2019ici 2035<\/strong> ! obligeant l\u2019\u00c9tat \u00e0 repenser en profondeur l\u2019organisation territoriale de l\u2019\u00e9cole.<\/p>\n\n\n\n<p style=\"font-size:16px\">Au-del\u00e0 du cas fran\u00e7ais, c\u2019est une dynamique globale qui se dessine dans de nombreux pays d\u00e9velopp\u00e9s : baisse durable de la f\u00e9condit\u00e9 + vieillissement de la population = transformation des \u00e9quilibres \u00e9conomiques et sociaux.<\/p>\n\n\n\n<p style=\"font-size:16px\">Un changement structurel, aux implications majeures pour les mod\u00e8les \u00e9conomiques, les politiques publiques et les \u00e9quilibres de long terme. Mais aussi pour les entreprises et leurs march\u00e9s, qui eux aussi, s&rsquo;effondrent en nombre d&rsquo;individus consommateurs et clients. <\/p>\n\n\n\n<p style=\"font-size:16px\">Les consommateurs deviennent eux aussi une esp\u00e8ce en voie de disparition. Etes-vous pr\u00eats ?<\/p>\n\n\n\n<div data-wp-context=\"{ &quot;autoclose&quot;: false, &quot;accordionItems&quot;: [] }\" data-wp-interactive=\"core\/accordion\" role=\"group\" class=\"wp-block-accordion is-layout-flow wp-block-accordion-is-layout-flow\">\n<div data-wp-class--is-open=\"state.isOpen\" data-wp-context=\"{ &quot;id&quot;: &quot;accordion-item-7&quot;, &quot;openByDefault&quot;: false }\" data-wp-init=\"callbacks.initAccordionItems\" data-wp-on-window--hashchange=\"callbacks.hashChange\" class=\"wp-block-accordion-item is-layout-flow wp-block-accordion-item-is-layout-flow\">\n<h5 class=\"wp-block-accordion-heading has-text-color has-link-color has-medium-font-size wp-elements-680d97067b007e6ec12b5b134bab346e\" style=\"color:#0a563a\"><button aria-expanded=\"false\" aria-controls=\"accordion-item-7-panel\" data-wp-bind--aria-expanded=\"state.isOpen\" data-wp-on--click=\"actions.toggle\" data-wp-on--keydown=\"actions.handleKeyDown\" id=\"accordion-item-7\" type=\"button\" class=\"wp-block-accordion-heading__toggle\"><span class=\"wp-block-accordion-heading__toggle-title\">&gt;&gt; Un renversement d&rsquo;approche<\/span><span class=\"wp-block-accordion-heading__toggle-icon\" aria-hidden=\"true\">+<\/span><\/button><\/h5>\n\n\n\n<div inert aria-labelledby=\"accordion-item-7\" data-wp-bind--inert=\"!state.isOpen\" id=\"accordion-item-7-panel\" role=\"region\" class=\"wp-block-accordion-panel is-layout-flow wp-block-accordion-panel-is-layout-flow\">\n<p class=\"has-text-color has-link-color wp-elements-9db2f55b91bac241e08ed736a89df7d2\" style=\"color:#0a563a;font-size:16px\">Depuis le rapport Rapport Brundtland (<a href=\"https:\/\/fr.wikipedia.org\/wiki\/Rapport_Brundtland\" rel=\"nofollow\">https:\/\/fr.wikipedia.org\/wiki\/Rapport_Brundtland<\/a> pour les plus jeunes), une question structurait les politiques publiques et feuilles de route D\u00e9veloppement Durable des entreprises :<\/p>\n\n\n\n<p class=\"has-text-color has-link-color wp-elements-d0799fd8be9bab1297c5e8510affb0aa\" style=\"color:#0a563a;font-size:16px\"><strong><em>Comment pr\u00e9server un avenir pour nos enfants ?<\/em><\/strong><\/p>\n\n\n\n<p class=\"has-text-color has-link-color wp-elements-8a26107c30ae374b06078dd94a0da307\" style=\"color:#0a563a;font-size:16px\">Une autre question \u00e9merge aujourd\u2019hui, plus d\u00e9rangeante :<\/p>\n\n\n\n<p class=\"has-text-color has-link-color wp-elements-074bc6efb129588634928df420db2416\" style=\"color:#0a563a;font-size:16px\"><strong><em>Cet avenir aura-t-il encore des enfants ?<\/em><\/strong><\/p>\n\n\n\n<p class=\"has-text-color has-link-color wp-elements-3b58df9ce4961ec37a9f801e3e8c5c22\" style=\"color:#0a563a;font-size:16px\">Ce basculement est profond. Il ne s\u2019agit plus seulement de durabilit\u00e9 environnementale ou \u00e9conomique, mais de dynamique m\u00eame du genre humain ! Je (Alain Renaudin) me souviens qu&rsquo;au d\u00e9but des ann\u00e9es 2000, la grande question angoissante \u00e9tait \u00ab\u00a0comment allons-nous faire lorsque nous serons 10 milliards d&rsquo;humains ?\u00a0\u00bb. Personnellement je n&rsquo;y ai jamais cru. La question est bien diff\u00e9rente aujourd&rsquo;hui : combien de temps encore serons-nous en capacit\u00e9 de pr\u00e9server un espace habitable \u00e0 l&rsquo;Homme ? \u00ab\u00a0Vivre sur Terre\u00a0\u00bb, le nouvel enjeu ! Une somme de facteurs sont identifi\u00e9s (et largement document\u00e9s) comme explicatifs : \u00e9conomiques (co\u00fbt de la vie, logement) ; sociaux (\u00e9volution des modes de vie) ; culturels (rapport \u00e0 la parentalit\u00e9) ; environnementaux (climat, incertitudes) ; et bien s\u00fbr sanitaires et m\u00e9dicaux (perte de fertilit\u00e9)<\/p>\n\n\n\n<p class=\"has-text-color has-link-color wp-elements-208a538d618e7d93d24cf30f45bbc8ae\" style=\"color:#0a563a;font-size:16px\">Dans quelle mesure la d\u00e9cision de se reproduire est-elle li\u00e9e \u00e0 la perception des conditions futures ?<\/p>\n<\/div>\n<\/div>\n\n\n\n<div data-wp-class--is-open=\"state.isOpen\" data-wp-context=\"{ &quot;id&quot;: &quot;accordion-item-8&quot;, &quot;openByDefault&quot;: false }\" data-wp-init=\"callbacks.initAccordionItems\" data-wp-on-window--hashchange=\"callbacks.hashChange\" class=\"wp-block-accordion-item is-layout-flow wp-block-accordion-item-is-layout-flow\">\n<h5 class=\"wp-block-accordion-heading has-text-color has-link-color has-medium-font-size wp-elements-3f0cc9fda0a619c65329a17ce75c6ea3\" style=\"color:#0a563a\"><button aria-expanded=\"false\" aria-controls=\"accordion-item-8-panel\" data-wp-bind--aria-expanded=\"state.isOpen\" data-wp-on--click=\"actions.toggle\" data-wp-on--keydown=\"actions.handleKeyDown\" id=\"accordion-item-8\" type=\"button\" class=\"wp-block-accordion-heading__toggle\"><span class=\"wp-block-accordion-heading__toggle-title\">&gt;&gt; \u00c7a rappelle une histoire d&rsquo;oiseaux &#8230;<\/span><span class=\"wp-block-accordion-heading__toggle-icon\" aria-hidden=\"true\">+<\/span><\/button><\/h5>\n\n\n\n<div inert aria-labelledby=\"accordion-item-8\" data-wp-bind--inert=\"!state.isOpen\" id=\"accordion-item-8-panel\" role=\"region\" class=\"wp-block-accordion-panel is-layout-flow wp-block-accordion-panel-is-layout-flow\">\n<p class=\"has-text-color has-link-color wp-elements-a09acd07072d93799ec5277ae2638766\" style=\"color:#0a563a;font-size:16px\">Lors de Biomim\u2019expo 2020, Allain Bougrain-Dubourg (pr\u00e9sident historique et embl\u00e9matique de la LPO) nous rappelait le cas des pigeons voyageurs am\u00e9ricains, plus pr\u00e9cis\u00e9ment <strong>la tourte voyageuse<\/strong>, une esp\u00e8ce autrefois extr\u00eamement abondante en Am\u00e9rique du Nord et qui a totalement disparu. Pourquoi ?<\/p>\n\n\n\n<p class=\"has-text-color has-link-color wp-elements-774b98b8827a3e0ca4a598ebe83e3ce7\" style=\"color:#0a563a;font-size:16px\">Malgr\u00e9 des populations initialement gigantesques, l\u2019esp\u00e8ce s\u2019est effondr\u00e9e au XIXe si\u00e8cle sous l\u2019effet de la destruction de son habitat et de la chasse. Mais pas seulement : Allain B-D et les naturalistes soul\u00e8vent un point int\u00e9ressant souvent \u00e9voqu\u00e9 : lorsque les conditions \u00e9cologiques ne sont plus r\u00e9unies (densit\u00e9, environnement, ressources, stress), certaines esp\u00e8ces peuvent \u00ab\u00a0d\u00e9cider\u00a0\u00bb de r\u00e9duire leur reproduction fortement, acc\u00e9l\u00e9rant leur disparition en plus des facteurs d\u00e9favorables. C&rsquo;est ce qui s&rsquo;est pass\u00e9.<\/p>\n\n\n\n<p class=\"has-text-color has-link-color wp-elements-a13eabb1a5aac09845aeb15629a78720\" style=\"color:#0a563a;font-size:16px\">Sans transposer directement \u00e0 l\u2019humain, cela rappelle une id\u00e9e cl\u00e9 du vivant : <strong>la reproduction n\u2019est pas \u00ab\u00a0automatique\u00a0\u00bb, elle est l&rsquo;objet d&rsquo;une \u00ab\u00a0d\u00e9cision\u00a0\u00bb<\/strong>. Elle peut donc &#8211; aussi &#8211; d\u00e9pendre des conditions per\u00e7ues comme favorables &#8211; ou pas &#8211; \u00e0 la survie de l\u2019esp\u00e8ce.<\/p>\n\n\n\n<p class=\"has-text-color has-link-color wp-elements-7258135a115071b5c9d144f5e3954b4c\" style=\"color:#0a563a;font-size:16px\">Autrement dit, l&rsquo;esp\u00e8ce humaine a-t-elle d\u00e9j\u00e0 abandonn\u00e9 ?<\/p>\n<\/div>\n<\/div>\n<\/div>\n<\/div>\n<\/div>\n\n\n\n<hr class=\"wp-block-separator has-text-color has-alpha-channel-opacity has-background is-style-default\" style=\"background-color:#0a563a;color:#0a563a\"\/>\n\n\n\n<div class=\"wp-block-columns is-layout-flex wp-container-core-columns-is-layout-9d6595d7 wp-block-columns-is-layout-flex\">\n<div class=\"wp-block-column is-layout-flow wp-block-column-is-layout-flow\">\n<p class=\"has-text-color has-link-color has-large-font-size wp-elements-b19797ea5b20ec322dc1ccfe3554eda9\" style=\"color:#0a563a;line-height:1\"><strong><strong>La question GenQuiz de la semaine &#8230;<\/strong><\/strong><\/p>\n<\/div>\n<\/div>\n\n\n\n<div class=\"wp-block-columns is-layout-flex wp-container-core-columns-is-layout-9d6595d7 wp-block-columns-is-layout-flex\">\n<div class=\"wp-block-column is-layout-flow wp-block-column-is-layout-flow\">\n<figure class=\"wp-block-image size-large\"><img data-recalc-dims=\"1\" loading=\"lazy\" decoding=\"async\" width=\"494\" height=\"1024\" data-attachment-id=\"42691\" data-permalink=\"https:\/\/biomimexpo.com\/en\/2026\/04\/16\/friday-cest-bio-inspire-du-17-avril-2026\/genquiz-fbi_age-homo_q\/\" data-orig-file=\"https:\/\/i0.wp.com\/biomimexpo.com\/wp-content\/uploads\/2026\/04\/GenQuiz-FBI_Age-Homo_Q.jpg?fit=1166%2C2416&amp;ssl=1\" data-orig-size=\"1166,2416\" data-comments-opened=\"1\" data-image-meta=\"{&quot;aperture&quot;:&quot;0&quot;,&quot;credit&quot;:&quot;&quot;,&quot;camera&quot;:&quot;&quot;,&quot;caption&quot;:&quot;&quot;,&quot;created_timestamp&quot;:&quot;0&quot;,&quot;copyright&quot;:&quot;&quot;,&quot;focal_length&quot;:&quot;0&quot;,&quot;iso&quot;:&quot;0&quot;,&quot;shutter_speed&quot;:&quot;0&quot;,&quot;title&quot;:&quot;&quot;,&quot;orientation&quot;:&quot;0&quot;}\" data-image-title=\"GenQuiz FBI_Age Homo_Q\" data-image-description=\"\" data-image-caption=\"\" data-large-file=\"https:\/\/i0.wp.com\/biomimexpo.com\/wp-content\/uploads\/2026\/04\/GenQuiz-FBI_Age-Homo_Q.jpg?fit=494%2C1024&amp;ssl=1\" src=\"https:\/\/i0.wp.com\/biomimexpo.com\/wp-content\/uploads\/2026\/04\/GenQuiz-FBI_Age-Homo_Q.jpg?resize=494%2C1024&#038;ssl=1\" alt=\"\" class=\"wp-image-42691\" srcset=\"https:\/\/i0.wp.com\/biomimexpo.com\/wp-content\/uploads\/2026\/04\/GenQuiz-FBI_Age-Homo_Q.jpg?resize=494%2C1024&amp;ssl=1 494w, https:\/\/i0.wp.com\/biomimexpo.com\/wp-content\/uploads\/2026\/04\/GenQuiz-FBI_Age-Homo_Q.jpg?resize=145%2C300&amp;ssl=1 145w, https:\/\/i0.wp.com\/biomimexpo.com\/wp-content\/uploads\/2026\/04\/GenQuiz-FBI_Age-Homo_Q.jpg?resize=72%2C150&amp;ssl=1 72w, https:\/\/i0.wp.com\/biomimexpo.com\/wp-content\/uploads\/2026\/04\/GenQuiz-FBI_Age-Homo_Q.jpg?resize=768%2C1591&amp;ssl=1 768w, https:\/\/i0.wp.com\/biomimexpo.com\/wp-content\/uploads\/2026\/04\/GenQuiz-FBI_Age-Homo_Q.jpg?resize=741%2C1536&amp;ssl=1 741w, https:\/\/i0.wp.com\/biomimexpo.com\/wp-content\/uploads\/2026\/04\/GenQuiz-FBI_Age-Homo_Q.jpg?resize=988%2C2048&amp;ssl=1 988w, https:\/\/i0.wp.com\/biomimexpo.com\/wp-content\/uploads\/2026\/04\/GenQuiz-FBI_Age-Homo_Q.jpg?resize=6%2C12&amp;ssl=1 6w, https:\/\/i0.wp.com\/biomimexpo.com\/wp-content\/uploads\/2026\/04\/GenQuiz-FBI_Age-Homo_Q.jpg?resize=482%2C999&amp;ssl=1 482w, https:\/\/i0.wp.com\/biomimexpo.com\/wp-content\/uploads\/2026\/04\/GenQuiz-FBI_Age-Homo_Q.jpg?w=1166&amp;ssl=1 1166w\" sizes=\"auto, (max-width: 494px) 100vw, 494px\" \/><\/figure>\n<\/div>\n\n\n\n<div class=\"wp-block-column is-layout-flow wp-block-column-is-layout-flow\">\n<p class=\"has-text-color has-link-color wp-elements-a0076f337e377fc52801f0dd972596cc\" style=\"color:#46494a;font-size:22px;line-height:1\"><strong><strong>Si la vie sur Terre et ses 3,8 milliards d&rsquo;ann\u00e9es \u00e9tait un livre de 1000 pages. Que repr\u00e9senterions-nous en tant qu&rsquo;Homo Sapiens ?<\/strong><\/strong><\/p>\n\n\n\n<div data-wp-context=\"{ &quot;autoclose&quot;: false, &quot;accordionItems&quot;: [] }\" data-wp-interactive=\"core\/accordion\" role=\"group\" class=\"wp-block-accordion is-layout-flow wp-block-accordion-is-layout-flow\">\n<div data-wp-class--is-open=\"state.isOpen\" data-wp-context=\"{ &quot;id&quot;: &quot;accordion-item-9&quot;, &quot;openByDefault&quot;: false }\" data-wp-init=\"callbacks.initAccordionItems\" data-wp-on-window--hashchange=\"callbacks.hashChange\" class=\"wp-block-accordion-item is-layout-flow wp-block-accordion-item-is-layout-flow\">\n<h5 class=\"wp-block-accordion-heading has-text-color has-link-color has-medium-font-size wp-elements-5c8ad0f082df7ce0b09974778d89ee35\" style=\"color:#0a563a\"><button aria-expanded=\"false\" aria-controls=\"accordion-item-9-panel\" data-wp-bind--aria-expanded=\"state.isOpen\" data-wp-on--click=\"actions.toggle\" data-wp-on--keydown=\"actions.handleKeyDown\" id=\"accordion-item-9\" type=\"button\" class=\"wp-block-accordion-heading__toggle\"><span class=\"wp-block-accordion-heading__toggle-title\">&gt;&gt; R\u00e9ponse<\/span><span class=\"wp-block-accordion-heading__toggle-icon\" aria-hidden=\"true\">+<\/span><\/button><\/h5>\n\n\n\n<div inert aria-labelledby=\"accordion-item-9\" data-wp-bind--inert=\"!state.isOpen\" id=\"accordion-item-9-panel\" role=\"region\" class=\"wp-block-accordion-panel is-layout-flow wp-block-accordion-panel-is-layout-flow\">\n<figure class=\"wp-block-image size-large\"><img data-recalc-dims=\"1\" loading=\"lazy\" decoding=\"async\" width=\"494\" height=\"1024\" data-attachment-id=\"42692\" data-permalink=\"https:\/\/biomimexpo.com\/en\/2026\/04\/16\/friday-cest-bio-inspire-du-17-avril-2026\/genquiz-fbi_age-homo_r\/\" data-orig-file=\"https:\/\/i0.wp.com\/biomimexpo.com\/wp-content\/uploads\/2026\/04\/GenQuiz-FBI_Age-Homo_R.jpg?fit=1166%2C2416&amp;ssl=1\" data-orig-size=\"1166,2416\" data-comments-opened=\"1\" data-image-meta=\"{&quot;aperture&quot;:&quot;0&quot;,&quot;credit&quot;:&quot;&quot;,&quot;camera&quot;:&quot;&quot;,&quot;caption&quot;:&quot;&quot;,&quot;created_timestamp&quot;:&quot;0&quot;,&quot;copyright&quot;:&quot;&quot;,&quot;focal_length&quot;:&quot;0&quot;,&quot;iso&quot;:&quot;0&quot;,&quot;shutter_speed&quot;:&quot;0&quot;,&quot;title&quot;:&quot;&quot;,&quot;orientation&quot;:&quot;0&quot;}\" data-image-title=\"GenQuiz FBI_Age Homo_R\" data-image-description=\"\" data-image-caption=\"\" data-large-file=\"https:\/\/i0.wp.com\/biomimexpo.com\/wp-content\/uploads\/2026\/04\/GenQuiz-FBI_Age-Homo_R.jpg?fit=494%2C1024&amp;ssl=1\" src=\"https:\/\/i0.wp.com\/biomimexpo.com\/wp-content\/uploads\/2026\/04\/GenQuiz-FBI_Age-Homo_R.jpg?resize=494%2C1024&#038;ssl=1\" alt=\"\" class=\"wp-image-42692\" srcset=\"https:\/\/i0.wp.com\/biomimexpo.com\/wp-content\/uploads\/2026\/04\/GenQuiz-FBI_Age-Homo_R.jpg?resize=494%2C1024&amp;ssl=1 494w, https:\/\/i0.wp.com\/biomimexpo.com\/wp-content\/uploads\/2026\/04\/GenQuiz-FBI_Age-Homo_R.jpg?resize=145%2C300&amp;ssl=1 145w, https:\/\/i0.wp.com\/biomimexpo.com\/wp-content\/uploads\/2026\/04\/GenQuiz-FBI_Age-Homo_R.jpg?resize=72%2C150&amp;ssl=1 72w, https:\/\/i0.wp.com\/biomimexpo.com\/wp-content\/uploads\/2026\/04\/GenQuiz-FBI_Age-Homo_R.jpg?resize=768%2C1591&amp;ssl=1 768w, https:\/\/i0.wp.com\/biomimexpo.com\/wp-content\/uploads\/2026\/04\/GenQuiz-FBI_Age-Homo_R.jpg?resize=741%2C1536&amp;ssl=1 741w, https:\/\/i0.wp.com\/biomimexpo.com\/wp-content\/uploads\/2026\/04\/GenQuiz-FBI_Age-Homo_R.jpg?resize=988%2C2048&amp;ssl=1 988w, https:\/\/i0.wp.com\/biomimexpo.com\/wp-content\/uploads\/2026\/04\/GenQuiz-FBI_Age-Homo_R.jpg?resize=6%2C12&amp;ssl=1 6w, https:\/\/i0.wp.com\/biomimexpo.com\/wp-content\/uploads\/2026\/04\/GenQuiz-FBI_Age-Homo_R.jpg?resize=482%2C999&amp;ssl=1 482w, https:\/\/i0.wp.com\/biomimexpo.com\/wp-content\/uploads\/2026\/04\/GenQuiz-FBI_Age-Homo_R.jpg?w=1166&amp;ssl=1 1166w\" sizes=\"auto, (max-width: 494px) 100vw, 494px\" \/><\/figure>\n\n\n\n<figure class=\"wp-block-image size-large\"><img data-recalc-dims=\"1\" loading=\"lazy\" decoding=\"async\" width=\"494\" height=\"1024\" data-attachment-id=\"42693\" data-permalink=\"https:\/\/biomimexpo.com\/en\/2026\/04\/16\/friday-cest-bio-inspire-du-17-avril-2026\/genquiz-fbi_age-homo_bas\/\" data-orig-file=\"https:\/\/i0.wp.com\/biomimexpo.com\/wp-content\/uploads\/2026\/04\/GenQuiz-FBI_Age-Homo_BAS.jpg?fit=1166%2C2416&amp;ssl=1\" data-orig-size=\"1166,2416\" data-comments-opened=\"1\" data-image-meta=\"{&quot;aperture&quot;:&quot;0&quot;,&quot;credit&quot;:&quot;&quot;,&quot;camera&quot;:&quot;&quot;,&quot;caption&quot;:&quot;&quot;,&quot;created_timestamp&quot;:&quot;0&quot;,&quot;copyright&quot;:&quot;&quot;,&quot;focal_length&quot;:&quot;0&quot;,&quot;iso&quot;:&quot;0&quot;,&quot;shutter_speed&quot;:&quot;0&quot;,&quot;title&quot;:&quot;&quot;,&quot;orientation&quot;:&quot;0&quot;}\" data-image-title=\"GenQuiz FBI_Age Homo_BAS\" data-image-description=\"\" data-image-caption=\"\" data-large-file=\"https:\/\/i0.wp.com\/biomimexpo.com\/wp-content\/uploads\/2026\/04\/GenQuiz-FBI_Age-Homo_BAS.jpg?fit=494%2C1024&amp;ssl=1\" src=\"https:\/\/i0.wp.com\/biomimexpo.com\/wp-content\/uploads\/2026\/04\/GenQuiz-FBI_Age-Homo_BAS.jpg?resize=494%2C1024&#038;ssl=1\" alt=\"\" class=\"wp-image-42693\" srcset=\"https:\/\/i0.wp.com\/biomimexpo.com\/wp-content\/uploads\/2026\/04\/GenQuiz-FBI_Age-Homo_BAS.jpg?resize=494%2C1024&amp;ssl=1 494w, https:\/\/i0.wp.com\/biomimexpo.com\/wp-content\/uploads\/2026\/04\/GenQuiz-FBI_Age-Homo_BAS.jpg?resize=145%2C300&amp;ssl=1 145w, https:\/\/i0.wp.com\/biomimexpo.com\/wp-content\/uploads\/2026\/04\/GenQuiz-FBI_Age-Homo_BAS.jpg?resize=72%2C150&amp;ssl=1 72w, https:\/\/i0.wp.com\/biomimexpo.com\/wp-content\/uploads\/2026\/04\/GenQuiz-FBI_Age-Homo_BAS.jpg?resize=768%2C1591&amp;ssl=1 768w, https:\/\/i0.wp.com\/biomimexpo.com\/wp-content\/uploads\/2026\/04\/GenQuiz-FBI_Age-Homo_BAS.jpg?resize=741%2C1536&amp;ssl=1 741w, https:\/\/i0.wp.com\/biomimexpo.com\/wp-content\/uploads\/2026\/04\/GenQuiz-FBI_Age-Homo_BAS.jpg?resize=988%2C2048&amp;ssl=1 988w, https:\/\/i0.wp.com\/biomimexpo.com\/wp-content\/uploads\/2026\/04\/GenQuiz-FBI_Age-Homo_BAS.jpg?resize=6%2C12&amp;ssl=1 6w, https:\/\/i0.wp.com\/biomimexpo.com\/wp-content\/uploads\/2026\/04\/GenQuiz-FBI_Age-Homo_BAS.jpg?resize=482%2C999&amp;ssl=1 482w, https:\/\/i0.wp.com\/biomimexpo.com\/wp-content\/uploads\/2026\/04\/GenQuiz-FBI_Age-Homo_BAS.jpg?w=1166&amp;ssl=1 1166w\" sizes=\"auto, (max-width: 494px) 100vw, 494px\" \/><\/figure>\n<\/div>\n<\/div>\n\n\n\n<div data-wp-class--is-open=\"state.isOpen\" data-wp-context=\"{ &quot;id&quot;: &quot;accordion-item-10&quot;, &quot;openByDefault&quot;: false }\" data-wp-init=\"callbacks.initAccordionItems\" data-wp-on-window--hashchange=\"callbacks.hashChange\" class=\"wp-block-accordion-item is-layout-flow wp-block-accordion-item-is-layout-flow\">\n<h5 class=\"wp-block-accordion-heading has-text-color has-link-color has-medium-font-size wp-elements-fb3b52e904e826809968bcaaf5970bd3\" style=\"color:#0a563a\"><button aria-expanded=\"false\" aria-controls=\"accordion-item-10-panel\" data-wp-bind--aria-expanded=\"state.isOpen\" data-wp-on--click=\"actions.toggle\" data-wp-on--keydown=\"actions.handleKeyDown\" id=\"accordion-item-10\" type=\"button\" class=\"wp-block-accordion-heading__toggle\"><span class=\"wp-block-accordion-heading__toggle-title\">&gt;&gt; C&rsquo;est quoi \u00ab\u00a0GenQuiz\u00a0\u00bb ?<\/span><span class=\"wp-block-accordion-heading__toggle-icon\" aria-hidden=\"true\">+<\/span><\/button><\/h5>\n\n\n\n<div inert aria-labelledby=\"accordion-item-10\" data-wp-bind--inert=\"!state.isOpen\" id=\"accordion-item-10-panel\" role=\"region\" class=\"wp-block-accordion-panel is-layout-flow wp-block-accordion-panel-is-layout-flow\">\n<p class=\"has-text-color has-link-color wp-elements-871e5fd6a8bf6853d31a950289467441\" style=\"color:#0a563a;font-size:16px\">GenQuiz c&rsquo;est un nouvel outil d&rsquo;acculturation scientifique et de r\u00e9\u00e9merveillement pour d\u00e9velopper sa culture g\u00e9n\u00e9rale et mieux comprendre les cl\u00e9s du monde par un jeu de questions-r\u00e9ponses dans une multitude de domaines.<\/p>\n\n\n\n<p class=\"has-text-color has-link-color wp-elements-9ef5a18404b76f09c18445030c85393a\" style=\"color:#0a563a;font-size:16px\">Parce qu&rsquo;on prot\u00e8gera mieux, on s&rsquo;int\u00e9ressera davantage, on aimera plus, et on prendra de meilleures d\u00e9cisions si on conna\u00eet mieux, et notamment les fondamentaux et les grands ordres de grandeur. <\/p>\n\n\n\n<p class=\"has-text-color has-link-color wp-elements-1134181f801dd380f872e5baa6df7bdc\" style=\"color:#0a563a;font-size:16px\">Un outil que vous pourrez aussi personnaliser pour traduire en questions-r\u00e9ponses des s\u00e9ries sur votre biodiversit\u00e9 locale, votre rapport RSE, ou feuille de route strat\u00e9gique &#8230; pour amener vos parties prenantes, habitants ou \u00e9quipes \u00e0 vos sujets par le jeu, en suscitant leur curiosit\u00e9 et en les challengeant.<\/p>\n<\/div>\n<\/div>\n\n\n\n<div data-wp-class--is-open=\"state.isOpen\" data-wp-context=\"{ &quot;id&quot;: &quot;accordion-item-11&quot;, &quot;openByDefault&quot;: false }\" data-wp-init=\"callbacks.initAccordionItems\" data-wp-on-window--hashchange=\"callbacks.hashChange\" class=\"wp-block-accordion-item is-layout-flow wp-block-accordion-item-is-layout-flow\">\n<h5 class=\"wp-block-accordion-heading has-text-color has-link-color has-medium-font-size wp-elements-c04edfd89902b5d8f4aa5ff35ebe9441\" style=\"color:#0a563a\"><button aria-expanded=\"false\" aria-controls=\"accordion-item-11-panel\" data-wp-bind--aria-expanded=\"state.isOpen\" data-wp-on--click=\"actions.toggle\" data-wp-on--keydown=\"actions.handleKeyDown\" id=\"accordion-item-11\" type=\"button\" class=\"wp-block-accordion-heading__toggle\"><span class=\"wp-block-accordion-heading__toggle-title\">&gt;&gt; Pr\u00e9sentation pour en savoir plus<\/span><span class=\"wp-block-accordion-heading__toggle-icon\" aria-hidden=\"true\">+<\/span><\/button><\/h5>\n\n\n\n<div inert aria-labelledby=\"accordion-item-11\" data-wp-bind--inert=\"!state.isOpen\" id=\"accordion-item-11-panel\" role=\"region\" class=\"wp-block-accordion-panel is-layout-flow wp-block-accordion-panel-is-layout-flow\">\n<p class=\"has-text-color has-link-color wp-elements-17711ee2fb25e4572d00bb5462edb44f\" style=\"color:#0a563a;font-size:16px\">&gt; <a href=\"https:\/\/online.fliphtml5.com\/fuklu\/pwir\/#p=1\" target=\"_blank\" rel=\"noreferrer noopener\">Pr\u00e9sentation de GenQuiz<\/a><\/p>\n<\/div>\n<\/div>\n<\/div>\n<\/div>\n<\/div>\n\n\n\n<hr class=\"wp-block-separator has-text-color has-alpha-channel-opacity has-background is-style-default\" style=\"background-color:#0a563a;color:#0a563a\"\/>\n\n\n\n<p>Inscrivez-vous \u00e0 nos alertes hebdomadaires pour ne rien manquer<\/p>\n\n\n<div class=\"wp-block-jetpack-contact-form\"><a href=\"https:\/\/biomimexpo.com\/en\/2026\/04\/16\/friday-cest-bio-inspire-du-17-avril-2026\/\" target=\"_blank\" rel=\"noopener noreferrer\">Submit a form.<\/a><\/div>\n\n\n<hr class=\"wp-block-separator has-text-color has-alpha-channel-opacity has-background is-style-default\" style=\"background-color:#0a563a;color:#0a563a\"\/>\n\n\n\n<p>Des actus et infos \u00e0 proposer pour une prochaine alerte ? Ecrivez-nous<\/p>\n\n\n<div class=\"wp-block-jetpack-contact-form\"><a href=\"https:\/\/biomimexpo.com\/en\/2026\/04\/16\/friday-cest-bio-inspire-du-17-avril-2026\/\" target=\"_blank\" rel=\"noopener noreferrer\">Submit a form.<\/a><\/div>\n\n\n<hr class=\"wp-block-separator has-text-color has-alpha-channel-opacity has-background is-style-default\" style=\"background-color:#0a563a;color:#0a563a\"\/>\n\n\n\n<p>Editions pr\u00e9c\u00e9dentes :<\/p>\n\n\n\n<figure class=\"wp-block-image size-large\"><a href=\"https:\/\/biomimexpo.com\/en\/2026\/04\/10\/friday-cest-bio-inspire-du-10-avril-2026\/\" target=\"_blank\" rel=\" noreferrer noopener\"><img data-recalc-dims=\"1\" loading=\"lazy\" decoding=\"async\" width=\"676\" height=\"70\" data-attachment-id=\"42638\" data-permalink=\"https:\/\/biomimexpo.com\/en\/friday-cest-bio-inspire\/bandeau-friday_10-avril-2026\/\" data-orig-file=\"https:\/\/i0.wp.com\/biomimexpo.com\/wp-content\/uploads\/2026\/04\/Bandeau-FRIDAY_10-AVRIL-2026.jpg?fit=5355%2C555&amp;ssl=1\" data-orig-size=\"5355,555\" data-comments-opened=\"1\" data-image-meta=\"{&quot;aperture&quot;:&quot;0&quot;,&quot;credit&quot;:&quot;&quot;,&quot;camera&quot;:&quot;&quot;,&quot;caption&quot;:&quot;&quot;,&quot;created_timestamp&quot;:&quot;0&quot;,&quot;copyright&quot;:&quot;&quot;,&quot;focal_length&quot;:&quot;0&quot;,&quot;iso&quot;:&quot;0&quot;,&quot;shutter_speed&quot;:&quot;0&quot;,&quot;title&quot;:&quot;&quot;,&quot;orientation&quot;:&quot;0&quot;}\" data-image-title=\"Bandeau FRIDAY_10 AVRIL 2026\" data-image-description=\"\" data-image-caption=\"\" data-large-file=\"https:\/\/i0.wp.com\/biomimexpo.com\/wp-content\/uploads\/2026\/04\/Bandeau-FRIDAY_10-AVRIL-2026.jpg?fit=676%2C70&amp;ssl=1\" src=\"https:\/\/i0.wp.com\/biomimexpo.com\/wp-content\/uploads\/2026\/04\/Bandeau-FRIDAY_10-AVRIL-2026.jpg?resize=676%2C70&#038;ssl=1\" alt=\"\" class=\"wp-image-42638\" srcset=\"https:\/\/i0.wp.com\/biomimexpo.com\/wp-content\/uploads\/2026\/04\/Bandeau-FRIDAY_10-AVRIL-2026.jpg?resize=1024%2C106&amp;ssl=1 1024w, https:\/\/i0.wp.com\/biomimexpo.com\/wp-content\/uploads\/2026\/04\/Bandeau-FRIDAY_10-AVRIL-2026.jpg?resize=300%2C31&amp;ssl=1 300w, https:\/\/i0.wp.com\/biomimexpo.com\/wp-content\/uploads\/2026\/04\/Bandeau-FRIDAY_10-AVRIL-2026.jpg?resize=150%2C16&amp;ssl=1 150w, https:\/\/i0.wp.com\/biomimexpo.com\/wp-content\/uploads\/2026\/04\/Bandeau-FRIDAY_10-AVRIL-2026.jpg?resize=768%2C80&amp;ssl=1 768w, https:\/\/i0.wp.com\/biomimexpo.com\/wp-content\/uploads\/2026\/04\/Bandeau-FRIDAY_10-AVRIL-2026.jpg?resize=1536%2C159&amp;ssl=1 1536w, https:\/\/i0.wp.com\/biomimexpo.com\/wp-content\/uploads\/2026\/04\/Bandeau-FRIDAY_10-AVRIL-2026.jpg?resize=2048%2C212&amp;ssl=1 2048w, https:\/\/i0.wp.com\/biomimexpo.com\/wp-content\/uploads\/2026\/04\/Bandeau-FRIDAY_10-AVRIL-2026.jpg?resize=18%2C2&amp;ssl=1 18w, https:\/\/i0.wp.com\/biomimexpo.com\/wp-content\/uploads\/2026\/04\/Bandeau-FRIDAY_10-AVRIL-2026.jpg?resize=676%2C70&amp;ssl=1 676w, https:\/\/i0.wp.com\/biomimexpo.com\/wp-content\/uploads\/2026\/04\/Bandeau-FRIDAY_10-AVRIL-2026.jpg?w=1352&amp;ssl=1 1352w\" sizes=\"auto, (max-width: 676px) 100vw, 676px\" \/><\/a><\/figure>\n\n\n\n<hr class=\"wp-block-separator has-alpha-channel-opacity is-style-dots\"\/>\n\n\n\n<figure class=\"wp-block-image size-large\"><a href=\"https:\/\/biomimexpo.com\/en\/2026\/03\/29\/friday-cest-bio-inspire-du-3-avril-2026\/\" target=\"_blank\" rel=\" noreferrer noopener\"><img data-recalc-dims=\"1\" loading=\"lazy\" decoding=\"async\" width=\"676\" height=\"70\" data-attachment-id=\"42540\" data-permalink=\"https:\/\/biomimexpo.com\/en\/friday-cest-bio-inspire\/bandeau-friday_03-avril-2026\/\" data-orig-file=\"https:\/\/i0.wp.com\/biomimexpo.com\/wp-content\/uploads\/2026\/04\/Bandeau-FRIDAY_03-AVRIL-2026.jpg?fit=5355%2C555&amp;ssl=1\" data-orig-size=\"5355,555\" data-comments-opened=\"1\" data-image-meta=\"{&quot;aperture&quot;:&quot;0&quot;,&quot;credit&quot;:&quot;&quot;,&quot;camera&quot;:&quot;&quot;,&quot;caption&quot;:&quot;&quot;,&quot;created_timestamp&quot;:&quot;0&quot;,&quot;copyright&quot;:&quot;&quot;,&quot;focal_length&quot;:&quot;0&quot;,&quot;iso&quot;:&quot;0&quot;,&quot;shutter_speed&quot;:&quot;0&quot;,&quot;title&quot;:&quot;&quot;,&quot;orientation&quot;:&quot;0&quot;}\" data-image-title=\"Bandeau FRIDAY_03 AVRIL 2026\" data-image-description=\"\" data-image-caption=\"\" data-large-file=\"https:\/\/i0.wp.com\/biomimexpo.com\/wp-content\/uploads\/2026\/04\/Bandeau-FRIDAY_03-AVRIL-2026.jpg?fit=676%2C70&amp;ssl=1\" src=\"https:\/\/i0.wp.com\/biomimexpo.com\/wp-content\/uploads\/2026\/04\/Bandeau-FRIDAY_03-AVRIL-2026.jpg?resize=676%2C70&#038;ssl=1\" alt=\"\" class=\"wp-image-42540\" srcset=\"https:\/\/i0.wp.com\/biomimexpo.com\/wp-content\/uploads\/2026\/04\/Bandeau-FRIDAY_03-AVRIL-2026.jpg?resize=1024%2C106&amp;ssl=1 1024w, https:\/\/i0.wp.com\/biomimexpo.com\/wp-content\/uploads\/2026\/04\/Bandeau-FRIDAY_03-AVRIL-2026.jpg?resize=300%2C31&amp;ssl=1 300w, https:\/\/i0.wp.com\/biomimexpo.com\/wp-content\/uploads\/2026\/04\/Bandeau-FRIDAY_03-AVRIL-2026.jpg?resize=150%2C16&amp;ssl=1 150w, https:\/\/i0.wp.com\/biomimexpo.com\/wp-content\/uploads\/2026\/04\/Bandeau-FRIDAY_03-AVRIL-2026.jpg?resize=768%2C80&amp;ssl=1 768w, https:\/\/i0.wp.com\/biomimexpo.com\/wp-content\/uploads\/2026\/04\/Bandeau-FRIDAY_03-AVRIL-2026.jpg?resize=1536%2C159&amp;ssl=1 1536w, https:\/\/i0.wp.com\/biomimexpo.com\/wp-content\/uploads\/2026\/04\/Bandeau-FRIDAY_03-AVRIL-2026.jpg?resize=2048%2C212&amp;ssl=1 2048w, https:\/\/i0.wp.com\/biomimexpo.com\/wp-content\/uploads\/2026\/04\/Bandeau-FRIDAY_03-AVRIL-2026.jpg?resize=18%2C2&amp;ssl=1 18w, https:\/\/i0.wp.com\/biomimexpo.com\/wp-content\/uploads\/2026\/04\/Bandeau-FRIDAY_03-AVRIL-2026.jpg?resize=1200%2C124&amp;ssl=1 1200w, https:\/\/i0.wp.com\/biomimexpo.com\/wp-content\/uploads\/2026\/04\/Bandeau-FRIDAY_03-AVRIL-2026.jpg?resize=676%2C70&amp;ssl=1 676w, https:\/\/i0.wp.com\/biomimexpo.com\/wp-content\/uploads\/2026\/04\/Bandeau-FRIDAY_03-AVRIL-2026.jpg?w=1352&amp;ssl=1 1352w\" sizes=\"auto, (max-width: 676px) 100vw, 676px\" \/><\/a><\/figure>\n\n\n\n<hr class=\"wp-block-separator has-alpha-channel-opacity is-style-dots\"\/>\n\n\n\n<figure class=\"wp-block-image size-large\"><a href=\"https:\/\/biomimexpo.com\/en\/2026\/03\/29\/friday-cest-bio-inspire-du-27-mars-2026\/\" target=\"_blank\" rel=\" noreferrer noopener\"><img data-recalc-dims=\"1\" loading=\"lazy\" decoding=\"async\" width=\"676\" height=\"70\" data-attachment-id=\"42370\" data-permalink=\"https:\/\/biomimexpo.com\/en\/2026\/03\/29\/friday-cest-bio-inspire-du-3-avril-2026\/bandeau-friday_27-mars-2026\/\" data-orig-file=\"https:\/\/i0.wp.com\/biomimexpo.com\/wp-content\/uploads\/2026\/03\/Bandeau-FRIDAY_27-MARS-2026.jpg?fit=5355%2C555&amp;ssl=1\" data-orig-size=\"5355,555\" data-comments-opened=\"1\" data-image-meta=\"{&quot;aperture&quot;:&quot;0&quot;,&quot;credit&quot;:&quot;&quot;,&quot;camera&quot;:&quot;&quot;,&quot;caption&quot;:&quot;&quot;,&quot;created_timestamp&quot;:&quot;0&quot;,&quot;copyright&quot;:&quot;&quot;,&quot;focal_length&quot;:&quot;0&quot;,&quot;iso&quot;:&quot;0&quot;,&quot;shutter_speed&quot;:&quot;0&quot;,&quot;title&quot;:&quot;&quot;,&quot;orientation&quot;:&quot;0&quot;}\" data-image-title=\"Bandeau FRIDAY_27 MARS 2026\" data-image-description=\"\" data-image-caption=\"\" data-large-file=\"https:\/\/i0.wp.com\/biomimexpo.com\/wp-content\/uploads\/2026\/03\/Bandeau-FRIDAY_27-MARS-2026.jpg?fit=676%2C70&amp;ssl=1\" src=\"https:\/\/i0.wp.com\/biomimexpo.com\/wp-content\/uploads\/2026\/03\/Bandeau-FRIDAY_27-MARS-2026.jpg?resize=676%2C70&#038;ssl=1\" alt=\"\" class=\"wp-image-42370\" srcset=\"https:\/\/i0.wp.com\/biomimexpo.com\/wp-content\/uploads\/2026\/03\/Bandeau-FRIDAY_27-MARS-2026.jpg?resize=1024%2C106&amp;ssl=1 1024w, https:\/\/i0.wp.com\/biomimexpo.com\/wp-content\/uploads\/2026\/03\/Bandeau-FRIDAY_27-MARS-2026.jpg?resize=300%2C31&amp;ssl=1 300w, https:\/\/i0.wp.com\/biomimexpo.com\/wp-content\/uploads\/2026\/03\/Bandeau-FRIDAY_27-MARS-2026.jpg?resize=150%2C16&amp;ssl=1 150w, https:\/\/i0.wp.com\/biomimexpo.com\/wp-content\/uploads\/2026\/03\/Bandeau-FRIDAY_27-MARS-2026.jpg?resize=768%2C80&amp;ssl=1 768w, https:\/\/i0.wp.com\/biomimexpo.com\/wp-content\/uploads\/2026\/03\/Bandeau-FRIDAY_27-MARS-2026.jpg?resize=1536%2C159&amp;ssl=1 1536w, https:\/\/i0.wp.com\/biomimexpo.com\/wp-content\/uploads\/2026\/03\/Bandeau-FRIDAY_27-MARS-2026.jpg?resize=2048%2C212&amp;ssl=1 2048w, https:\/\/i0.wp.com\/biomimexpo.com\/wp-content\/uploads\/2026\/03\/Bandeau-FRIDAY_27-MARS-2026.jpg?resize=18%2C2&amp;ssl=1 18w, https:\/\/i0.wp.com\/biomimexpo.com\/wp-content\/uploads\/2026\/03\/Bandeau-FRIDAY_27-MARS-2026.jpg?resize=1200%2C124&amp;ssl=1 1200w, https:\/\/i0.wp.com\/biomimexpo.com\/wp-content\/uploads\/2026\/03\/Bandeau-FRIDAY_27-MARS-2026.jpg?resize=676%2C70&amp;ssl=1 676w, https:\/\/i0.wp.com\/biomimexpo.com\/wp-content\/uploads\/2026\/03\/Bandeau-FRIDAY_27-MARS-2026.jpg?w=1352&amp;ssl=1 1352w\" sizes=\"auto, (max-width: 676px) 100vw, 676px\" \/><\/a><\/figure>\n\n\n\n<hr class=\"wp-block-separator has-alpha-channel-opacity is-style-dots\"\/>\n\n\n\n<figure class=\"wp-block-image size-large\"><a href=\"https:\/\/biomimexpo.com\/en\/2026\/03\/29\/friday-cest-bio-inspire-du-20-mars-2026\/\" target=\"_blank\" rel=\" noreferrer noopener\"><img data-recalc-dims=\"1\" loading=\"lazy\" decoding=\"async\" width=\"676\" height=\"70\" data-attachment-id=\"42195\" data-permalink=\"https:\/\/biomimexpo.com\/en\/friday-cest-bio-inspire-_-27-mars-2026\/bandeau-friday_20-mars-2026\/\" data-orig-file=\"https:\/\/i0.wp.com\/biomimexpo.com\/wp-content\/uploads\/2026\/03\/Bandeau-FRIDAY_20-MARS-2026.jpg?fit=8033%2C833&amp;ssl=1\" data-orig-size=\"8033,833\" data-comments-opened=\"1\" data-image-meta=\"{&quot;aperture&quot;:&quot;0&quot;,&quot;credit&quot;:&quot;&quot;,&quot;camera&quot;:&quot;&quot;,&quot;caption&quot;:&quot;&quot;,&quot;created_timestamp&quot;:&quot;0&quot;,&quot;copyright&quot;:&quot;&quot;,&quot;focal_length&quot;:&quot;0&quot;,&quot;iso&quot;:&quot;0&quot;,&quot;shutter_speed&quot;:&quot;0&quot;,&quot;title&quot;:&quot;&quot;,&quot;orientation&quot;:&quot;0&quot;}\" data-image-title=\"Bandeau FRIDAY_20 MARS 2026\" data-image-description=\"\" data-image-caption=\"\" data-large-file=\"https:\/\/i0.wp.com\/biomimexpo.com\/wp-content\/uploads\/2026\/03\/Bandeau-FRIDAY_20-MARS-2026.jpg?fit=676%2C70&amp;ssl=1\" src=\"https:\/\/i0.wp.com\/biomimexpo.com\/wp-content\/uploads\/2026\/03\/Bandeau-FRIDAY_20-MARS-2026.jpg?resize=676%2C70&#038;ssl=1\" alt=\"\" class=\"wp-image-42195\" srcset=\"https:\/\/i0.wp.com\/biomimexpo.com\/wp-content\/uploads\/2026\/03\/Bandeau-FRIDAY_20-MARS-2026.jpg?resize=1024%2C106&amp;ssl=1 1024w, https:\/\/i0.wp.com\/biomimexpo.com\/wp-content\/uploads\/2026\/03\/Bandeau-FRIDAY_20-MARS-2026.jpg?resize=300%2C31&amp;ssl=1 300w, https:\/\/i0.wp.com\/biomimexpo.com\/wp-content\/uploads\/2026\/03\/Bandeau-FRIDAY_20-MARS-2026.jpg?resize=150%2C16&amp;ssl=1 150w, https:\/\/i0.wp.com\/biomimexpo.com\/wp-content\/uploads\/2026\/03\/Bandeau-FRIDAY_20-MARS-2026.jpg?resize=768%2C80&amp;ssl=1 768w, https:\/\/i0.wp.com\/biomimexpo.com\/wp-content\/uploads\/2026\/03\/Bandeau-FRIDAY_20-MARS-2026.jpg?resize=1536%2C159&amp;ssl=1 1536w, https:\/\/i0.wp.com\/biomimexpo.com\/wp-content\/uploads\/2026\/03\/Bandeau-FRIDAY_20-MARS-2026.jpg?resize=2048%2C212&amp;ssl=1 2048w, https:\/\/i0.wp.com\/biomimexpo.com\/wp-content\/uploads\/2026\/03\/Bandeau-FRIDAY_20-MARS-2026.jpg?resize=18%2C2&amp;ssl=1 18w, https:\/\/i0.wp.com\/biomimexpo.com\/wp-content\/uploads\/2026\/03\/Bandeau-FRIDAY_20-MARS-2026.jpg?resize=1200%2C124&amp;ssl=1 1200w, https:\/\/i0.wp.com\/biomimexpo.com\/wp-content\/uploads\/2026\/03\/Bandeau-FRIDAY_20-MARS-2026.jpg?resize=676%2C70&amp;ssl=1 676w, https:\/\/i0.wp.com\/biomimexpo.com\/wp-content\/uploads\/2026\/03\/Bandeau-FRIDAY_20-MARS-2026.jpg?w=1352&amp;ssl=1 1352w\" sizes=\"auto, (max-width: 676px) 100vw, 676px\" \/><\/a><\/figure>\n\n\n\n<p><\/p>\n\n\n\n<p><\/p>\n\n\n\n<hr class=\"wp-block-separator has-text-color has-alpha-channel-opacity has-background is-style-default\" style=\"background-color:#0a563a;color:#0a563a\"\/>","protected":false},"excerpt":{"rendered":"<p>Revue et de presse, tendances et actualit\u00e9s, ce que nous avons vu, lu et entendu et que nous souhaitions partager avec vous. Friday c\u2019est bio-inspir\u00e9 propose de d\u00e9crypter l\u2019actualit\u00e9 \u00e9conomique, sociale et strat\u00e9gique \u00e0 la lumi\u00e8re des solutions que pourraient nous apporter le Vivant en mod\u00e8le et alli\u00e9. STARTUP &gt;&gt; Agriodor, des odeurs qui peuvent &hellip; <a href=\"https:\/\/biomimexpo.com\/en\/2026\/04\/16\/friday-cest-bio-inspire-du-17-avril-2026\/\" class=\"more-link\">Continue reading <span class=\"screen-reader-text\">\u00ab\u00a0Friday c\u2019est bio-inspir\u00e9\u00a0\u00bb du 17 avril 2026<\/span><\/a><\/p>","protected":false},"author":30655367,"featured_media":42123,"comment_status":"open","ping_status":"open","sticky":false,"template":"","format":"standard","meta":{"ngg_post_thumbnail":0,"_jetpack_newsletter_access":"","_jetpack_dont_email_post_to_subs":false,"_jetpack_newsletter_tier_id":0,"_jetpack_memberships_contains_paywalled_content":false,"_jetpack_memberships_contains_paid_content":false,"footnotes":"","jetpack_publicize_message":"","jetpack_publicize_feature_enabled":true,"jetpack_social_post_already_shared":true,"jetpack_social_options":{"image_generator_settings":{"template":"highway","default_image_id":0,"font":"","enabled":false},"version":2},"_wpas_customize_per_network":false,"jetpack_post_was_ever_published":false},"categories":[513077881],"tags":[],"class_list":["post-42660","post","type-post","status-publish","format-standard","has-post-thumbnail","hentry","category-friday-cest-bio-inspire"],"yoast_head":"<!-- This site is optimized with the Yoast SEO plugin v27.4 - https:\/\/yoast.com\/product\/yoast-seo-wordpress\/ -->\n<title>\u00ab\u00a0Friday c\u2019est bio-inspir\u00e9\u00a0\u00bb du 17 avril 2026 - Biomim&#039;expo<\/title>\n<meta name=\"description\" content=\"Des odeurs pour \u00e9viter les insecticides, dette publique et chute de le d\u00e9mographie, comment ferait la nature ?\" \/>\n<meta name=\"robots\" content=\"index, follow, max-snippet:-1, max-image-preview:large, max-video-preview:-1\" \/>\n<link rel=\"canonical\" href=\"https:\/\/biomimexpo.com\/en\/2026\/04\/16\/friday-cest-bio-inspire-du-17-avril-2026\/\" \/>\n<meta property=\"og:locale\" content=\"en_GB\" \/>\n<meta property=\"og:type\" content=\"article\" \/>\n<meta property=\"og:title\" content=\"\u00ab\u00a0Friday c\u2019est bio-inspir\u00e9\u00a0\u00bb du 17 avril 2026 - Biomim&#039;expo\" \/>\n<meta property=\"og:description\" content=\"Des odeurs pour \u00e9viter les insecticides, dette publique et chute de le d\u00e9mographie, comment ferait la nature ?\" \/>\n<meta property=\"og:url\" content=\"https:\/\/biomimexpo.com\/en\/2026\/04\/16\/friday-cest-bio-inspire-du-17-avril-2026\/\" \/>\n<meta property=\"og:site_name\" content=\"Biomim&#039;expo\" \/>\n<meta property=\"article:published_time\" content=\"2026-04-16T19:31:19+00:00\" \/>\n<meta property=\"article:modified_time\" content=\"2026-04-17T06:03:29+00:00\" \/>\n<meta property=\"og:image\" content=\"https:\/\/biomimexpo.com\/wp-content\/uploads\/2026\/03\/Bandeau-Biomimexpo-1928-600_FRIDAY-BIO-INSPIRE.jpg\" \/>\n\t<meta property=\"og:image:width\" content=\"8033\" \/>\n\t<meta property=\"og:image:height\" content=\"2500\" \/>\n\t<meta property=\"og:image:type\" content=\"image\/jpeg\" \/>\n<meta name=\"author\" content=\"AR_\" \/>\n<meta name=\"twitter:card\" content=\"summary_large_image\" \/>\n<meta name=\"twitter:label1\" content=\"Written by\" \/>\n\t<meta name=\"twitter:data1\" content=\"AR_\" \/>\n\t<meta name=\"twitter:label2\" content=\"Estimated reading time\" \/>\n\t<meta name=\"twitter:data2\" content=\"12 minutes\" \/>\n<script type=\"application\/ld+json\" class=\"yoast-schema-graph\">{\"@context\":\"https:\\\/\\\/schema.org\",\"@graph\":[{\"@type\":\"Article\",\"@id\":\"https:\\\/\\\/biomimexpo.com\\\/2026\\\/04\\\/16\\\/friday-cest-bio-inspire-du-17-avril-2026\\\/#article\",\"isPartOf\":{\"@id\":\"https:\\\/\\\/biomimexpo.com\\\/2026\\\/04\\\/16\\\/friday-cest-bio-inspire-du-17-avril-2026\\\/\"},\"author\":{\"name\":\"AR_\",\"@id\":\"https:\\\/\\\/biomimexpo.com\\\/#\\\/schema\\\/person\\\/552f552826eb3c1031dfbab5252cdb5f\"},\"headline\":\"\u00ab\u00a0Friday c\u2019est bio-inspir\u00e9\u00a0\u00bb du 17 avril 2026\",\"datePublished\":\"2026-04-16T19:31:19+00:00\",\"dateModified\":\"2026-04-17T06:03:29+00:00\",\"mainEntityOfPage\":{\"@id\":\"https:\\\/\\\/biomimexpo.com\\\/2026\\\/04\\\/16\\\/friday-cest-bio-inspire-du-17-avril-2026\\\/\"},\"wordCount\":2218,\"commentCount\":0,\"image\":{\"@id\":\"https:\\\/\\\/biomimexpo.com\\\/2026\\\/04\\\/16\\\/friday-cest-bio-inspire-du-17-avril-2026\\\/#primaryimage\"},\"thumbnailUrl\":\"https:\\\/\\\/i0.wp.com\\\/biomimexpo.com\\\/wp-content\\\/uploads\\\/2026\\\/03\\\/Bandeau-Biomimexpo-1928-600_FRIDAY-BIO-INSPIRE.jpg?fit=8033%2C2500&ssl=1\",\"articleSection\":[\"Friday c'est bio-inspir\u00e9\"],\"inLanguage\":\"en-GB\",\"potentialAction\":[{\"@type\":\"CommentAction\",\"name\":\"Comment\",\"target\":[\"https:\\\/\\\/biomimexpo.com\\\/2026\\\/04\\\/16\\\/friday-cest-bio-inspire-du-17-avril-2026\\\/#respond\"]}]},{\"@type\":\"WebPage\",\"@id\":\"https:\\\/\\\/biomimexpo.com\\\/2026\\\/04\\\/16\\\/friday-cest-bio-inspire-du-17-avril-2026\\\/\",\"url\":\"https:\\\/\\\/biomimexpo.com\\\/2026\\\/04\\\/16\\\/friday-cest-bio-inspire-du-17-avril-2026\\\/\",\"name\":\"\u00ab\u00a0Friday c\u2019est bio-inspir\u00e9\u00a0\u00bb du 17 avril 2026 - Biomim&#039;expo\",\"isPartOf\":{\"@id\":\"https:\\\/\\\/biomimexpo.com\\\/#website\"},\"primaryImageOfPage\":{\"@id\":\"https:\\\/\\\/biomimexpo.com\\\/2026\\\/04\\\/16\\\/friday-cest-bio-inspire-du-17-avril-2026\\\/#primaryimage\"},\"image\":{\"@id\":\"https:\\\/\\\/biomimexpo.com\\\/2026\\\/04\\\/16\\\/friday-cest-bio-inspire-du-17-avril-2026\\\/#primaryimage\"},\"thumbnailUrl\":\"https:\\\/\\\/i0.wp.com\\\/biomimexpo.com\\\/wp-content\\\/uploads\\\/2026\\\/03\\\/Bandeau-Biomimexpo-1928-600_FRIDAY-BIO-INSPIRE.jpg?fit=8033%2C2500&ssl=1\",\"datePublished\":\"2026-04-16T19:31:19+00:00\",\"dateModified\":\"2026-04-17T06:03:29+00:00\",\"author\":{\"@id\":\"https:\\\/\\\/biomimexpo.com\\\/#\\\/schema\\\/person\\\/552f552826eb3c1031dfbab5252cdb5f\"},\"description\":\"Des odeurs pour \u00e9viter les insecticides, dette publique et chute de le d\u00e9mographie, comment ferait la nature ?\",\"breadcrumb\":{\"@id\":\"https:\\\/\\\/biomimexpo.com\\\/2026\\\/04\\\/16\\\/friday-cest-bio-inspire-du-17-avril-2026\\\/#breadcrumb\"},\"inLanguage\":\"en-GB\",\"potentialAction\":[{\"@type\":\"ReadAction\",\"target\":[\"https:\\\/\\\/biomimexpo.com\\\/2026\\\/04\\\/16\\\/friday-cest-bio-inspire-du-17-avril-2026\\\/\"]}]},{\"@type\":\"ImageObject\",\"inLanguage\":\"en-GB\",\"@id\":\"https:\\\/\\\/biomimexpo.com\\\/2026\\\/04\\\/16\\\/friday-cest-bio-inspire-du-17-avril-2026\\\/#primaryimage\",\"url\":\"https:\\\/\\\/i0.wp.com\\\/biomimexpo.com\\\/wp-content\\\/uploads\\\/2026\\\/03\\\/Bandeau-Biomimexpo-1928-600_FRIDAY-BIO-INSPIRE.jpg?fit=8033%2C2500&ssl=1\",\"contentUrl\":\"https:\\\/\\\/i0.wp.com\\\/biomimexpo.com\\\/wp-content\\\/uploads\\\/2026\\\/03\\\/Bandeau-Biomimexpo-1928-600_FRIDAY-BIO-INSPIRE.jpg?fit=8033%2C2500&ssl=1\",\"width\":8033,\"height\":2500},{\"@type\":\"BreadcrumbList\",\"@id\":\"https:\\\/\\\/biomimexpo.com\\\/2026\\\/04\\\/16\\\/friday-cest-bio-inspire-du-17-avril-2026\\\/#breadcrumb\",\"itemListElement\":[{\"@type\":\"ListItem\",\"position\":1,\"name\":\"Accueil\",\"item\":\"https:\\\/\\\/biomimexpo.com\\\/\"},{\"@type\":\"ListItem\",\"position\":2,\"name\":\"Friday c'est bio-inspir\u00e9\",\"item\":\"https:\\\/\\\/biomimexpo.com\\\/category\\\/friday-cest-bio-inspire\\\/\"},{\"@type\":\"ListItem\",\"position\":3,\"name\":\"\u00ab\u00a0Friday c\u2019est bio-inspir\u00e9\u00a0\u00bb du 17 avril 2026\"}]},{\"@type\":\"WebSite\",\"@id\":\"https:\\\/\\\/biomimexpo.com\\\/#website\",\"url\":\"https:\\\/\\\/biomimexpo.com\\\/\",\"name\":\"Biomim&#039;expo\",\"description\":\"Le premier salon et showroom du biomim\u00e9tisme\",\"potentialAction\":[{\"@type\":\"SearchAction\",\"target\":{\"@type\":\"EntryPoint\",\"urlTemplate\":\"https:\\\/\\\/biomimexpo.com\\\/?s={search_term_string}\"},\"query-input\":{\"@type\":\"PropertyValueSpecification\",\"valueRequired\":true,\"valueName\":\"search_term_string\"}}],\"inLanguage\":\"en-GB\"},{\"@type\":\"Person\",\"@id\":\"https:\\\/\\\/biomimexpo.com\\\/#\\\/schema\\\/person\\\/552f552826eb3c1031dfbab5252cdb5f\",\"name\":\"AR_\",\"image\":{\"@type\":\"ImageObject\",\"inLanguage\":\"en-GB\",\"@id\":\"https:\\\/\\\/secure.gravatar.com\\\/avatar\\\/e4d0abc8d480254e89f3d2c6e39f05870d577cafd3aca83f9427d6d8b6b785c2?s=96&d=identicon&r=g\",\"url\":\"https:\\\/\\\/secure.gravatar.com\\\/avatar\\\/e4d0abc8d480254e89f3d2c6e39f05870d577cafd3aca83f9427d6d8b6b785c2?s=96&d=identicon&r=g\",\"contentUrl\":\"https:\\\/\\\/secure.gravatar.com\\\/avatar\\\/e4d0abc8d480254e89f3d2c6e39f05870d577cafd3aca83f9427d6d8b6b785c2?s=96&d=identicon&r=g\",\"caption\":\"AR_\"},\"description\":\"Alain Renaudin a cr\u00e9\u00e9 le cabinet \\\"NewCorp Conseil\\\" apr\u00e8s une double exp\u00e9rience en tant que dirigeant d'institut de sondage, l'Ifop, et d'agence de communication au sein de DDB Groupe. Il est en effet plus que jamais utile de rapprocher strat\u00e9gies de communication et strat\u00e9gies d'opinion, pour recr\u00e9er du lien, de la confiance et de la proximit\u00e9 entre les marques, les entreprises, les institutions publiques et leurs publics parties prenantes. Il faut d\u00e9cloisonner connaissance des publics et expertises de communication pour exprimer des id\u00e9es justes, de fa\u00e7on cr\u00e9ative, et d\u00e9ployer des strat\u00e9gies de communication qui s'inscrivent en r\u00e9sonance avec les cibles auxquelles elles s'adressent. L'exp\u00e9rience combin\u00e9e de l'analyse de l'opinion et des m\u00e9tiers de la communication permet de forger un certain regard sur l'actualit\u00e9 des institutions et des entreprises. Un certain regard pour essayer de forger une certaine conviction, pour ne pas toujours chercher sous les r\u00e9verb\u00e8res et faire en sorte que le d\u00e9cloisonnement des id\u00e9es soit une source d'inspiration cr\u00e9ative dans ce monde qui a tant besoin de renouveau, audible, visible et aspirationnel.\",\"sameAs\":[\"http:\\\/\\\/alainrenaudin.wordpress.com\"],\"url\":\"https:\\\/\\\/biomimexpo.com\\\/en\\\/author\\\/alainrenaudin\\\/\"}]}<\/script>\n<!-- \/ Yoast SEO plugin. -->","yoast_head_json":{"title":"\u00ab\u00a0Friday c\u2019est bio-inspir\u00e9\u00a0\u00bb du 17 avril 2026 - Biomim&#039;expo","description":"Des odeurs pour \u00e9viter les insecticides, dette publique et chute de le d\u00e9mographie, comment ferait la nature ?","robots":{"index":"index","follow":"follow","max-snippet":"max-snippet:-1","max-image-preview":"max-image-preview:large","max-video-preview":"max-video-preview:-1"},"canonical":"https:\/\/biomimexpo.com\/en\/2026\/04\/16\/friday-cest-bio-inspire-du-17-avril-2026\/","og_locale":"en_GB","og_type":"article","og_title":"\u00ab\u00a0Friday c\u2019est bio-inspir\u00e9\u00a0\u00bb du 17 avril 2026 - Biomim&#039;expo","og_description":"Des odeurs pour \u00e9viter les insecticides, dette publique et chute de le d\u00e9mographie, comment ferait la nature ?","og_url":"https:\/\/biomimexpo.com\/en\/2026\/04\/16\/friday-cest-bio-inspire-du-17-avril-2026\/","og_site_name":"Biomim&#039;expo","article_published_time":"2026-04-16T19:31:19+00:00","article_modified_time":"2026-04-17T06:03:29+00:00","og_image":[{"width":8033,"height":2500,"url":"https:\/\/biomimexpo.com\/wp-content\/uploads\/2026\/03\/Bandeau-Biomimexpo-1928-600_FRIDAY-BIO-INSPIRE.jpg","type":"image\/jpeg"}],"author":"AR_","twitter_card":"summary_large_image","twitter_misc":{"Written by":"AR_","Estimated reading time":"12 minutes"},"schema":{"@context":"https:\/\/schema.org","@graph":[{"@type":"Article","@id":"https:\/\/biomimexpo.com\/2026\/04\/16\/friday-cest-bio-inspire-du-17-avril-2026\/#article","isPartOf":{"@id":"https:\/\/biomimexpo.com\/2026\/04\/16\/friday-cest-bio-inspire-du-17-avril-2026\/"},"author":{"name":"AR_","@id":"https:\/\/biomimexpo.com\/#\/schema\/person\/552f552826eb3c1031dfbab5252cdb5f"},"headline":"\u00ab\u00a0Friday c\u2019est bio-inspir\u00e9\u00a0\u00bb du 17 avril 2026","datePublished":"2026-04-16T19:31:19+00:00","dateModified":"2026-04-17T06:03:29+00:00","mainEntityOfPage":{"@id":"https:\/\/biomimexpo.com\/2026\/04\/16\/friday-cest-bio-inspire-du-17-avril-2026\/"},"wordCount":2218,"commentCount":0,"image":{"@id":"https:\/\/biomimexpo.com\/2026\/04\/16\/friday-cest-bio-inspire-du-17-avril-2026\/#primaryimage"},"thumbnailUrl":"https:\/\/i0.wp.com\/biomimexpo.com\/wp-content\/uploads\/2026\/03\/Bandeau-Biomimexpo-1928-600_FRIDAY-BIO-INSPIRE.jpg?fit=8033%2C2500&ssl=1","articleSection":["Friday c'est bio-inspir\u00e9"],"inLanguage":"en-GB","potentialAction":[{"@type":"CommentAction","name":"Comment","target":["https:\/\/biomimexpo.com\/2026\/04\/16\/friday-cest-bio-inspire-du-17-avril-2026\/#respond"]}]},{"@type":"WebPage","@id":"https:\/\/biomimexpo.com\/2026\/04\/16\/friday-cest-bio-inspire-du-17-avril-2026\/","url":"https:\/\/biomimexpo.com\/2026\/04\/16\/friday-cest-bio-inspire-du-17-avril-2026\/","name":"\u00ab\u00a0Friday c\u2019est bio-inspir\u00e9\u00a0\u00bb du 17 avril 2026 - Biomim&#039;expo","isPartOf":{"@id":"https:\/\/biomimexpo.com\/#website"},"primaryImageOfPage":{"@id":"https:\/\/biomimexpo.com\/2026\/04\/16\/friday-cest-bio-inspire-du-17-avril-2026\/#primaryimage"},"image":{"@id":"https:\/\/biomimexpo.com\/2026\/04\/16\/friday-cest-bio-inspire-du-17-avril-2026\/#primaryimage"},"thumbnailUrl":"https:\/\/i0.wp.com\/biomimexpo.com\/wp-content\/uploads\/2026\/03\/Bandeau-Biomimexpo-1928-600_FRIDAY-BIO-INSPIRE.jpg?fit=8033%2C2500&ssl=1","datePublished":"2026-04-16T19:31:19+00:00","dateModified":"2026-04-17T06:03:29+00:00","author":{"@id":"https:\/\/biomimexpo.com\/#\/schema\/person\/552f552826eb3c1031dfbab5252cdb5f"},"description":"Des odeurs pour \u00e9viter les insecticides, dette publique et chute de le d\u00e9mographie, comment ferait la nature ?","breadcrumb":{"@id":"https:\/\/biomimexpo.com\/2026\/04\/16\/friday-cest-bio-inspire-du-17-avril-2026\/#breadcrumb"},"inLanguage":"en-GB","potentialAction":[{"@type":"ReadAction","target":["https:\/\/biomimexpo.com\/2026\/04\/16\/friday-cest-bio-inspire-du-17-avril-2026\/"]}]},{"@type":"ImageObject","inLanguage":"en-GB","@id":"https:\/\/biomimexpo.com\/2026\/04\/16\/friday-cest-bio-inspire-du-17-avril-2026\/#primaryimage","url":"https:\/\/i0.wp.com\/biomimexpo.com\/wp-content\/uploads\/2026\/03\/Bandeau-Biomimexpo-1928-600_FRIDAY-BIO-INSPIRE.jpg?fit=8033%2C2500&ssl=1","contentUrl":"https:\/\/i0.wp.com\/biomimexpo.com\/wp-content\/uploads\/2026\/03\/Bandeau-Biomimexpo-1928-600_FRIDAY-BIO-INSPIRE.jpg?fit=8033%2C2500&ssl=1","width":8033,"height":2500},{"@type":"BreadcrumbList","@id":"https:\/\/biomimexpo.com\/2026\/04\/16\/friday-cest-bio-inspire-du-17-avril-2026\/#breadcrumb","itemListElement":[{"@type":"ListItem","position":1,"name":"Accueil","item":"https:\/\/biomimexpo.com\/"},{"@type":"ListItem","position":2,"name":"Friday c'est bio-inspir\u00e9","item":"https:\/\/biomimexpo.com\/category\/friday-cest-bio-inspire\/"},{"@type":"ListItem","position":3,"name":"\u00ab\u00a0Friday c\u2019est bio-inspir\u00e9\u00a0\u00bb du 17 avril 2026"}]},{"@type":"WebSite","@id":"https:\/\/biomimexpo.com\/#website","url":"https:\/\/biomimexpo.com\/","name":"Biomim&#039;expo","description":"Le premier salon et showroom du biomim\u00e9tisme","potentialAction":[{"@type":"SearchAction","target":{"@type":"EntryPoint","urlTemplate":"https:\/\/biomimexpo.com\/?s={search_term_string}"},"query-input":{"@type":"PropertyValueSpecification","valueRequired":true,"valueName":"search_term_string"}}],"inLanguage":"en-GB"},{"@type":"Person","@id":"https:\/\/biomimexpo.com\/#\/schema\/person\/552f552826eb3c1031dfbab5252cdb5f","name":"AR_","image":{"@type":"ImageObject","inLanguage":"en-GB","@id":"https:\/\/secure.gravatar.com\/avatar\/e4d0abc8d480254e89f3d2c6e39f05870d577cafd3aca83f9427d6d8b6b785c2?s=96&d=identicon&r=g","url":"https:\/\/secure.gravatar.com\/avatar\/e4d0abc8d480254e89f3d2c6e39f05870d577cafd3aca83f9427d6d8b6b785c2?s=96&d=identicon&r=g","contentUrl":"https:\/\/secure.gravatar.com\/avatar\/e4d0abc8d480254e89f3d2c6e39f05870d577cafd3aca83f9427d6d8b6b785c2?s=96&d=identicon&r=g","caption":"AR_"},"description":"Alain Renaudin a cr\u00e9\u00e9 le cabinet \"NewCorp Conseil\" apr\u00e8s une double exp\u00e9rience en tant que dirigeant d'institut de sondage, l'Ifop, et d'agence de communication au sein de DDB Groupe. Il est en effet plus que jamais utile de rapprocher strat\u00e9gies de communication et strat\u00e9gies d'opinion, pour recr\u00e9er du lien, de la confiance et de la proximit\u00e9 entre les marques, les entreprises, les institutions publiques et leurs publics parties prenantes. Il faut d\u00e9cloisonner connaissance des publics et expertises de communication pour exprimer des id\u00e9es justes, de fa\u00e7on cr\u00e9ative, et d\u00e9ployer des strat\u00e9gies de communication qui s'inscrivent en r\u00e9sonance avec les cibles auxquelles elles s'adressent. L'exp\u00e9rience combin\u00e9e de l'analyse de l'opinion et des m\u00e9tiers de la communication permet de forger un certain regard sur l'actualit\u00e9 des institutions et des entreprises. Un certain regard pour essayer de forger une certaine conviction, pour ne pas toujours chercher sous les r\u00e9verb\u00e8res et faire en sorte que le d\u00e9cloisonnement des id\u00e9es soit une source d'inspiration cr\u00e9ative dans ce monde qui a tant besoin de renouveau, audible, visible et aspirationnel.","sameAs":["http:\/\/alainrenaudin.wordpress.com"],"url":"https:\/\/biomimexpo.com\/en\/author\/alainrenaudin\/"}]}},"jetpack_publicize_connections":[],"jetpack_featured_media_url":"https:\/\/i0.wp.com\/biomimexpo.com\/wp-content\/uploads\/2026\/03\/Bandeau-Biomimexpo-1928-600_FRIDAY-BIO-INSPIRE.jpg?fit=8033%2C2500&ssl=1","jetpack_likes_enabled":true,"jetpack_sharing_enabled":true,"jetpack_shortlink":"https:\/\/wp.me\/p51wao-b64","_links":{"self":[{"href":"https:\/\/biomimexpo.com\/en\/wp-json\/wp\/v2\/posts\/42660","targetHints":{"allow":["GET"]}}],"collection":[{"href":"https:\/\/biomimexpo.com\/en\/wp-json\/wp\/v2\/posts"}],"about":[{"href":"https:\/\/biomimexpo.com\/en\/wp-json\/wp\/v2\/types\/post"}],"author":[{"embeddable":true,"href":"https:\/\/biomimexpo.com\/en\/wp-json\/wp\/v2\/users\/30655367"}],"replies":[{"embeddable":true,"href":"https:\/\/biomimexpo.com\/en\/wp-json\/wp\/v2\/comments?post=42660"}],"version-history":[{"count":35,"href":"https:\/\/biomimexpo.com\/en\/wp-json\/wp\/v2\/posts\/42660\/revisions"}],"predecessor-version":[{"id":42709,"href":"https:\/\/biomimexpo.com\/en\/wp-json\/wp\/v2\/posts\/42660\/revisions\/42709"}],"wp:featuredmedia":[{"embeddable":true,"href":"https:\/\/biomimexpo.com\/en\/wp-json\/wp\/v2\/media\/42123"}],"wp:attachment":[{"href":"https:\/\/biomimexpo.com\/en\/wp-json\/wp\/v2\/media?parent=42660"}],"wp:term":[{"taxonomy":"category","embeddable":true,"href":"https:\/\/biomimexpo.com\/en\/wp-json\/wp\/v2\/categories?post=42660"},{"taxonomy":"post_tag","embeddable":true,"href":"https:\/\/biomimexpo.com\/en\/wp-json\/wp\/v2\/tags?post=42660"}],"curies":[{"name":"wp","href":"https:\/\/api.w.org\/{rel}","templated":true}]}}