{"id":4097,"date":"2018-08-25T09:46:35","date_gmt":"2018-08-25T08:46:35","guid":{"rendered":"https:\/\/biomimexpo.com\/?p=4097"},"modified":"2021-10-06T06:10:49","modified_gmt":"2021-10-06T05:10:49","slug":"estelle-cruz","status":"publish","type":"post","link":"https:\/\/biomimexpo.com\/en\/2018\/08\/25\/estelle-cruz\/","title":{"rendered":"Estelle CRUZ - Speaker 2019"},"content":{"rendered":"<p class=\"p1 wp-block-paragraph\">&nbsp;<\/p>\n\n\n\n<div class=\"wp-block-columns is-layout-flex wp-container-core-columns-is-layout-8f761849 wp-block-columns-is-layout-flex\">\n<div class=\"wp-block-column is-layout-flow wp-block-column-is-layout-flow\">\n<figure class=\"wp-block-image size-large\"><img data-recalc-dims=\"1\" loading=\"lazy\" decoding=\"async\" width=\"676\" height=\"676\" data-attachment-id=\"18361\" data-permalink=\"https:\/\/biomimexpo.com\/en\/programme-19-octobre-2021-2\/carre-speaker-estelle-cruz-biomimexpo-2021\/\" data-orig-file=\"https:\/\/i0.wp.com\/biomimexpo.com\/wp-content\/uploads\/2021\/09\/CARRE-SPEAKER-ESTELLE-CRUZ-BIOMIMEXPO-2021.jpg?fit=2500%2C2500&amp;ssl=1\" data-orig-size=\"2500,2500\" data-comments-opened=\"1\" data-image-meta=\"{&quot;aperture&quot;:&quot;0&quot;,&quot;credit&quot;:&quot;&quot;,&quot;camera&quot;:&quot;&quot;,&quot;caption&quot;:&quot;&quot;,&quot;created_timestamp&quot;:&quot;0&quot;,&quot;copyright&quot;:&quot;&quot;,&quot;focal_length&quot;:&quot;0&quot;,&quot;iso&quot;:&quot;0&quot;,&quot;shutter_speed&quot;:&quot;0&quot;,&quot;title&quot;:&quot;&quot;,&quot;orientation&quot;:&quot;0&quot;}\" data-image-title=\"CARRE SPEAKER ESTELLE CRUZ BIOMIMEXPO 2021\" data-image-description=\"\" data-image-caption=\"\" data-large-file=\"https:\/\/i0.wp.com\/biomimexpo.com\/wp-content\/uploads\/2021\/09\/CARRE-SPEAKER-ESTELLE-CRUZ-BIOMIMEXPO-2021.jpg?fit=676%2C676&amp;ssl=1\" src=\"https:\/\/i0.wp.com\/biomimexpo.com\/wp-content\/uploads\/2021\/09\/CARRE-SPEAKER-ESTELLE-CRUZ-BIOMIMEXPO-2021.jpg?resize=676%2C676&#038;ssl=1\" alt=\"\" class=\"wp-image-18361\" srcset=\"https:\/\/i0.wp.com\/biomimexpo.com\/wp-content\/uploads\/2021\/09\/CARRE-SPEAKER-ESTELLE-CRUZ-BIOMIMEXPO-2021.jpg?resize=1024%2C1024&amp;ssl=1 1024w, https:\/\/i0.wp.com\/biomimexpo.com\/wp-content\/uploads\/2021\/09\/CARRE-SPEAKER-ESTELLE-CRUZ-BIOMIMEXPO-2021.jpg?resize=300%2C300&amp;ssl=1 300w, https:\/\/i0.wp.com\/biomimexpo.com\/wp-content\/uploads\/2021\/09\/CARRE-SPEAKER-ESTELLE-CRUZ-BIOMIMEXPO-2021.jpg?resize=150%2C150&amp;ssl=1 150w, https:\/\/i0.wp.com\/biomimexpo.com\/wp-content\/uploads\/2021\/09\/CARRE-SPEAKER-ESTELLE-CRUZ-BIOMIMEXPO-2021.jpg?resize=768%2C768&amp;ssl=1 768w, https:\/\/i0.wp.com\/biomimexpo.com\/wp-content\/uploads\/2021\/09\/CARRE-SPEAKER-ESTELLE-CRUZ-BIOMIMEXPO-2021.jpg?resize=1536%2C1536&amp;ssl=1 1536w, https:\/\/i0.wp.com\/biomimexpo.com\/wp-content\/uploads\/2021\/09\/CARRE-SPEAKER-ESTELLE-CRUZ-BIOMIMEXPO-2021.jpg?resize=2048%2C2048&amp;ssl=1 2048w, https:\/\/i0.wp.com\/biomimexpo.com\/wp-content\/uploads\/2021\/09\/CARRE-SPEAKER-ESTELLE-CRUZ-BIOMIMEXPO-2021.jpg?resize=676%2C676&amp;ssl=1 676w, https:\/\/i0.wp.com\/biomimexpo.com\/wp-content\/uploads\/2021\/09\/CARRE-SPEAKER-ESTELLE-CRUZ-BIOMIMEXPO-2021.jpg?w=1352&amp;ssl=1 1352w\" sizes=\"auto, (max-width: 676px) 100vw, 676px\" \/><\/figure>\n<\/div>\n\n\n\n<div class=\"wp-block-column is-layout-flow wp-block-column-is-layout-flow\">\n<figure class=\"wp-block-image size-large\"><img data-recalc-dims=\"1\" loading=\"lazy\" decoding=\"async\" width=\"676\" height=\"676\" data-attachment-id=\"19043\" data-permalink=\"https:\/\/biomimexpo.com\/en\/2018\/08\/25\/estelle-cruz\/annonce-plateau-biomim-et-ville-19-oct-biomimexpo-2021\/\" data-orig-file=\"https:\/\/i0.wp.com\/biomimexpo.com\/wp-content\/uploads\/2021\/10\/Annonce-PLATEAU-BIOMIM-ET-VILLE-19-OCT-BIOMIMEXPO-2021.jpg?fit=2500%2C2500&amp;ssl=1\" data-orig-size=\"2500,2500\" data-comments-opened=\"1\" data-image-meta=\"{&quot;aperture&quot;:&quot;0&quot;,&quot;credit&quot;:&quot;&quot;,&quot;camera&quot;:&quot;&quot;,&quot;caption&quot;:&quot;&quot;,&quot;created_timestamp&quot;:&quot;0&quot;,&quot;copyright&quot;:&quot;&quot;,&quot;focal_length&quot;:&quot;0&quot;,&quot;iso&quot;:&quot;0&quot;,&quot;shutter_speed&quot;:&quot;0&quot;,&quot;title&quot;:&quot;&quot;,&quot;orientation&quot;:&quot;0&quot;}\" data-image-title=\"Annonce-PLATEAU-BIOMIM-ET-VILLE-19-OCT-BIOMIMEXPO-2021\" data-image-description=\"\" data-image-caption=\"\" data-large-file=\"https:\/\/i0.wp.com\/biomimexpo.com\/wp-content\/uploads\/2021\/10\/Annonce-PLATEAU-BIOMIM-ET-VILLE-19-OCT-BIOMIMEXPO-2021.jpg?fit=676%2C676&amp;ssl=1\" src=\"https:\/\/i0.wp.com\/biomimexpo.com\/wp-content\/uploads\/2021\/10\/Annonce-PLATEAU-BIOMIM-ET-VILLE-19-OCT-BIOMIMEXPO-2021.jpg?resize=676%2C676&#038;ssl=1\" alt=\"\" class=\"wp-image-19043\" srcset=\"https:\/\/i0.wp.com\/biomimexpo.com\/wp-content\/uploads\/2021\/10\/Annonce-PLATEAU-BIOMIM-ET-VILLE-19-OCT-BIOMIMEXPO-2021.jpg?resize=1024%2C1024&amp;ssl=1 1024w, https:\/\/i0.wp.com\/biomimexpo.com\/wp-content\/uploads\/2021\/10\/Annonce-PLATEAU-BIOMIM-ET-VILLE-19-OCT-BIOMIMEXPO-2021.jpg?resize=300%2C300&amp;ssl=1 300w, https:\/\/i0.wp.com\/biomimexpo.com\/wp-content\/uploads\/2021\/10\/Annonce-PLATEAU-BIOMIM-ET-VILLE-19-OCT-BIOMIMEXPO-2021.jpg?resize=150%2C150&amp;ssl=1 150w, https:\/\/i0.wp.com\/biomimexpo.com\/wp-content\/uploads\/2021\/10\/Annonce-PLATEAU-BIOMIM-ET-VILLE-19-OCT-BIOMIMEXPO-2021.jpg?resize=768%2C768&amp;ssl=1 768w, https:\/\/i0.wp.com\/biomimexpo.com\/wp-content\/uploads\/2021\/10\/Annonce-PLATEAU-BIOMIM-ET-VILLE-19-OCT-BIOMIMEXPO-2021.jpg?resize=1536%2C1536&amp;ssl=1 1536w, https:\/\/i0.wp.com\/biomimexpo.com\/wp-content\/uploads\/2021\/10\/Annonce-PLATEAU-BIOMIM-ET-VILLE-19-OCT-BIOMIMEXPO-2021.jpg?resize=2048%2C2048&amp;ssl=1 2048w, https:\/\/i0.wp.com\/biomimexpo.com\/wp-content\/uploads\/2021\/10\/Annonce-PLATEAU-BIOMIM-ET-VILLE-19-OCT-BIOMIMEXPO-2021.jpg?resize=676%2C676&amp;ssl=1 676w, https:\/\/i0.wp.com\/biomimexpo.com\/wp-content\/uploads\/2021\/10\/Annonce-PLATEAU-BIOMIM-ET-VILLE-19-OCT-BIOMIMEXPO-2021.jpg?w=1352&amp;ssl=1 1352w\" sizes=\"auto, (max-width: 676px) 100vw, 676px\" \/><\/figure>\n<\/div>\n<\/div>\n\n\n\n<p class=\"wp-block-paragraph\">Estelle is a qualified architect and engineer (currently in the process of validating her qualifications). She completed the dual course of architecture and engineering at ENSAL and Ecole Centrale de Lyon. Passionate about biomimicry and curious to understand other cultures, she undertook a one-year \"biomimicry world tour\". By doing 4 research periods of 3 months each with international experts, she learned about the practice and fundamental research of biomimicry in architecture. This year of study contributed to the state of the art of this approach by collaborating with Mick Pearce in Zimbabwe, Satoshi Sakai at Kyoto University, Maibritt Pedersen Zari at Victoria University and Lidia Badarnah at MIT. <a href=\"http:\/\/www.biomimicry-worldtour.com\" rel=\"nofollow\">http:\/\/www.biomimicry-worldtour.com<\/a>. <\/p>\n\n\n\n<p class=\"wp-block-paragraph\">His work focuses on the definition and implementation of bio-inspired habitat, in particular for the design of multifunctional envelopes inspired by living organisms - thesis in progress (2017-2020) co-supervised by the MECADEV laboratory of the National Museum of Natural History in Paris.<\/p>","protected":false},"excerpt":{"rendered":"<p>&nbsp; A qualified architect and engineer (currently in the process of validating her qualifications), Estelle completed the dual architecture-engineering course at ENSAL and Ecole Centrale de Lyon. Passionate about biomimicry and curious to understand other cultures, she spent a year on a \"biomimicry world tour\". She spent 4 research periods of 3 months each in ... <a href=\"https:\/\/biomimexpo.com\/en\/2018\/08\/25\/estelle-cruz\/\" class=\"more-link\">Continue reading <span class=\"screen-reader-text\">Estelle CRUZ - Speaker 2019<\/span><\/a><\/p>","protected":false},"author":30655367,"featured_media":0,"comment_status":"open","ping_status":"open","sticky":false,"template":"","format":"standard","meta":{"ngg_post_thumbnail":0,"_jetpack_newsletter_access":"","_jetpack_dont_email_post_to_subs":false,"_jetpack_newsletter_tier_id":0,"_jetpack_memberships_contains_paywalled_content":false,"_wpcom_ai_launchpad_first_post":false,"_jetpack_feature_clip_id":0,"_jetpack_memberships_contains_paid_content":false,"footnotes":"","jetpack_publicize_message":"{title}\n\n{excerpt}\n\n{url}","jetpack_publicize_feature_enabled":true,"jetpack_social_post_already_shared":false,"jetpack_social_options":{"image_generator_settings":{"template":"highway","default_image_id":0,"font":"","enabled":false},"version":2},"_wpas_customize_per_network":false,"jetpack_post_was_ever_published":false},"categories":[6325],"tags":[],"class_list":["post-4097","post","type-post","status-publish","format-standard","hentry","category-non-classe"],"yoast_head":"<!-- This site is optimized with the Yoast SEO plugin v28.3 - https:\/\/yoast.com\/product\/yoast-seo-wordpress\/ -->\n<title>Estelle CRUZ - Speaker 2019 - Biomim&#039;expo<\/title>\n<meta name=\"robots\" content=\"index, follow, max-snippet:-1, max-image-preview:large, max-video-preview:-1\" \/>\n<link rel=\"canonical\" href=\"https:\/\/biomimexpo.com\/en\/2018\/08\/25\/estelle-cruz\/\" \/>\n<meta property=\"og:locale\" content=\"en_GB\" \/>\n<meta property=\"og:type\" content=\"article\" \/>\n<meta property=\"og:title\" content=\"Estelle CRUZ - Speaker 2019 - Biomim&#039;expo\" \/>\n<meta property=\"og:description\" content=\"&nbsp; Architecte dipl\u00f4m\u00e9e d\u2019Etat et ing\u00e9nieur (en cours de validation d\u2019acquis), Estelle a suivit le double cursus architecte-ing\u00e9nieur de l\u2019ENSAL et Ecole Centrale de Lyon. Passionn\u00e9e par le biomim\u00e9tisme et curieuse de comprendre d\u2019autres cultures, elle a entrepris durant un an un \u201ctour du monde du biomim\u00e9tisme\u201d. En effectuant 4 p\u00e9riodes de recherche de 3 &hellip; Continue reading Estelle CRUZ &#8211; Speaker 2019\" \/>\n<meta property=\"og:url\" content=\"https:\/\/biomimexpo.com\/en\/2018\/08\/25\/estelle-cruz\/\" \/>\n<meta property=\"og:site_name\" content=\"Biomim&#039;expo\" \/>\n<meta property=\"article:published_time\" content=\"2018-08-25T08:46:35+00:00\" \/>\n<meta property=\"article:modified_time\" content=\"2021-10-06T05:10:49+00:00\" \/>\n<meta property=\"og:image\" content=\"https:\/\/biomimexpo.com\/wp-content\/uploads\/2021\/09\/CARRE-SPEAKER-ESTELLE-CRUZ-BIOMIMEXPO-2021-1024x1024.jpg\" \/>\n<meta name=\"author\" content=\"AR_\" \/>\n<meta name=\"twitter:card\" content=\"summary_large_image\" \/>\n<meta name=\"twitter:label1\" content=\"Written by\" \/>\n\t<meta name=\"twitter:data1\" content=\"AR_\" \/>\n\t<meta name=\"twitter:label2\" content=\"Estimated reading time\" \/>\n\t<meta name=\"twitter:data2\" content=\"1 minute\" \/>\n<script type=\"application\/ld+json\" class=\"yoast-schema-graph\">{\"@context\":\"https:\\\/\\\/schema.org\",\"@graph\":[{\"@type\":\"Article\",\"@id\":\"https:\\\/\\\/biomimexpo.com\\\/2018\\\/08\\\/25\\\/estelle-cruz\\\/#article\",\"isPartOf\":{\"@id\":\"https:\\\/\\\/biomimexpo.com\\\/2018\\\/08\\\/25\\\/estelle-cruz\\\/\"},\"author\":{\"name\":\"AR_\",\"@id\":\"https:\\\/\\\/biomimexpo.com\\\/#\\\/schema\\\/person\\\/552f552826eb3c1031dfbab5252cdb5f\"},\"headline\":\"Estelle CRUZ &#8211; Speaker 2019\",\"datePublished\":\"2018-08-25T08:46:35+00:00\",\"dateModified\":\"2021-10-06T05:10:49+00:00\",\"mainEntityOfPage\":{\"@id\":\"https:\\\/\\\/biomimexpo.com\\\/2018\\\/08\\\/25\\\/estelle-cruz\\\/\"},\"wordCount\":183,\"commentCount\":0,\"image\":{\"@id\":\"https:\\\/\\\/biomimexpo.com\\\/2018\\\/08\\\/25\\\/estelle-cruz\\\/#primaryimage\"},\"thumbnailUrl\":\"https:\\\/\\\/biomimexpo.com\\\/wp-content\\\/uploads\\\/2021\\\/09\\\/CARRE-SPEAKER-ESTELLE-CRUZ-BIOMIMEXPO-2021-1024x1024.jpg\",\"articleSection\":[\"Non class\u00e9\"],\"inLanguage\":\"en-GB\",\"potentialAction\":[{\"@type\":\"CommentAction\",\"name\":\"Comment\",\"target\":[\"https:\\\/\\\/biomimexpo.com\\\/2018\\\/08\\\/25\\\/estelle-cruz\\\/#respond\"]}]},{\"@type\":\"WebPage\",\"@id\":\"https:\\\/\\\/biomimexpo.com\\\/2018\\\/08\\\/25\\\/estelle-cruz\\\/\",\"url\":\"https:\\\/\\\/biomimexpo.com\\\/2018\\\/08\\\/25\\\/estelle-cruz\\\/\",\"name\":\"Estelle CRUZ - Speaker 2019 - Biomim&#039;expo\",\"isPartOf\":{\"@id\":\"https:\\\/\\\/biomimexpo.com\\\/#website\"},\"primaryImageOfPage\":{\"@id\":\"https:\\\/\\\/biomimexpo.com\\\/2018\\\/08\\\/25\\\/estelle-cruz\\\/#primaryimage\"},\"image\":{\"@id\":\"https:\\\/\\\/biomimexpo.com\\\/2018\\\/08\\\/25\\\/estelle-cruz\\\/#primaryimage\"},\"thumbnailUrl\":\"https:\\\/\\\/biomimexpo.com\\\/wp-content\\\/uploads\\\/2021\\\/09\\\/CARRE-SPEAKER-ESTELLE-CRUZ-BIOMIMEXPO-2021-1024x1024.jpg\",\"datePublished\":\"2018-08-25T08:46:35+00:00\",\"dateModified\":\"2021-10-06T05:10:49+00:00\",\"author\":{\"@id\":\"https:\\\/\\\/biomimexpo.com\\\/#\\\/schema\\\/person\\\/552f552826eb3c1031dfbab5252cdb5f\"},\"breadcrumb\":{\"@id\":\"https:\\\/\\\/biomimexpo.com\\\/2018\\\/08\\\/25\\\/estelle-cruz\\\/#breadcrumb\"},\"inLanguage\":\"en-GB\",\"potentialAction\":[{\"@type\":\"ReadAction\",\"target\":[\"https:\\\/\\\/biomimexpo.com\\\/2018\\\/08\\\/25\\\/estelle-cruz\\\/\"]}]},{\"@type\":\"ImageObject\",\"inLanguage\":\"en-GB\",\"@id\":\"https:\\\/\\\/biomimexpo.com\\\/2018\\\/08\\\/25\\\/estelle-cruz\\\/#primaryimage\",\"url\":\"https:\\\/\\\/biomimexpo.com\\\/wp-content\\\/uploads\\\/2021\\\/09\\\/CARRE-SPEAKER-ESTELLE-CRUZ-BIOMIMEXPO-2021-1024x1024.jpg\",\"contentUrl\":\"https:\\\/\\\/biomimexpo.com\\\/wp-content\\\/uploads\\\/2021\\\/09\\\/CARRE-SPEAKER-ESTELLE-CRUZ-BIOMIMEXPO-2021-1024x1024.jpg\"},{\"@type\":\"BreadcrumbList\",\"@id\":\"https:\\\/\\\/biomimexpo.com\\\/2018\\\/08\\\/25\\\/estelle-cruz\\\/#breadcrumb\",\"itemListElement\":[{\"@type\":\"ListItem\",\"position\":1,\"name\":\"Accueil\",\"item\":\"https:\\\/\\\/biomimexpo.com\\\/\"},{\"@type\":\"ListItem\",\"position\":2,\"name\":\"Non class\u00e9\",\"item\":\"https:\\\/\\\/biomimexpo.com\\\/category\\\/non-classe\\\/\"},{\"@type\":\"ListItem\",\"position\":3,\"name\":\"Estelle CRUZ &#8211; Speaker 2019\"}]},{\"@type\":\"WebSite\",\"@id\":\"https:\\\/\\\/biomimexpo.com\\\/#website\",\"url\":\"https:\\\/\\\/biomimexpo.com\\\/\",\"name\":\"Biomim&#039;expo\",\"description\":\"Le premier salon et showroom du biomim\u00e9tisme\",\"potentialAction\":[{\"@type\":\"SearchAction\",\"target\":{\"@type\":\"EntryPoint\",\"urlTemplate\":\"https:\\\/\\\/biomimexpo.com\\\/?s={search_term_string}\"},\"query-input\":{\"@type\":\"PropertyValueSpecification\",\"valueRequired\":true,\"valueName\":\"search_term_string\"}}],\"inLanguage\":\"en-GB\"},{\"@type\":\"Person\",\"@id\":\"https:\\\/\\\/biomimexpo.com\\\/#\\\/schema\\\/person\\\/552f552826eb3c1031dfbab5252cdb5f\",\"name\":\"AR_\",\"image\":{\"@type\":\"ImageObject\",\"inLanguage\":\"en-GB\",\"@id\":\"https:\\\/\\\/secure.gravatar.com\\\/avatar\\\/e4d0abc8d480254e89f3d2c6e39f05870d577cafd3aca83f9427d6d8b6b785c2?s=96&d=identicon&r=g\",\"url\":\"https:\\\/\\\/secure.gravatar.com\\\/avatar\\\/e4d0abc8d480254e89f3d2c6e39f05870d577cafd3aca83f9427d6d8b6b785c2?s=96&d=identicon&r=g\",\"contentUrl\":\"https:\\\/\\\/secure.gravatar.com\\\/avatar\\\/e4d0abc8d480254e89f3d2c6e39f05870d577cafd3aca83f9427d6d8b6b785c2?s=96&d=identicon&r=g\",\"caption\":\"AR_\"},\"description\":\"Alain Renaudin a cr\u00e9\u00e9 le cabinet \\\"NewCorp Conseil\\\" apr\u00e8s une double exp\u00e9rience en tant que dirigeant d'institut de sondage, l'Ifop, et d'agence de communication au sein de DDB Groupe. Il est en effet plus que jamais utile de rapprocher strat\u00e9gies de communication et strat\u00e9gies d'opinion, pour recr\u00e9er du lien, de la confiance et de la proximit\u00e9 entre les marques, les entreprises, les institutions publiques et leurs publics parties prenantes. Il faut d\u00e9cloisonner connaissance des publics et expertises de communication pour exprimer des id\u00e9es justes, de fa\u00e7on cr\u00e9ative, et d\u00e9ployer des strat\u00e9gies de communication qui s'inscrivent en r\u00e9sonance avec les cibles auxquelles elles s'adressent. L'exp\u00e9rience combin\u00e9e de l'analyse de l'opinion et des m\u00e9tiers de la communication permet de forger un certain regard sur l'actualit\u00e9 des institutions et des entreprises. Un certain regard pour essayer de forger une certaine conviction, pour ne pas toujours chercher sous les r\u00e9verb\u00e8res et faire en sorte que le d\u00e9cloisonnement des id\u00e9es soit une source d'inspiration cr\u00e9ative dans ce monde qui a tant besoin de renouveau, audible, visible et aspirationnel.\",\"sameAs\":[\"http:\\\/\\\/alainrenaudin.wordpress.com\"],\"url\":\"https:\\\/\\\/biomimexpo.com\\\/en\\\/author\\\/alainrenaudin\\\/\"}]}<\/script>\n<!-- \/ Yoast SEO plugin. -->","yoast_head_json":{"title":"Estelle CRUZ - Speaker 2019 - Biomim&#039;expo","robots":{"index":"index","follow":"follow","max-snippet":"max-snippet:-1","max-image-preview":"max-image-preview:large","max-video-preview":"max-video-preview:-1"},"canonical":"https:\/\/biomimexpo.com\/en\/2018\/08\/25\/estelle-cruz\/","og_locale":"en_GB","og_type":"article","og_title":"Estelle CRUZ - Speaker 2019 - Biomim&#039;expo","og_description":"&nbsp; Architecte dipl\u00f4m\u00e9e d\u2019Etat et ing\u00e9nieur (en cours de validation d\u2019acquis), Estelle a suivit le double cursus architecte-ing\u00e9nieur de l\u2019ENSAL et Ecole Centrale de Lyon. Passionn\u00e9e par le biomim\u00e9tisme et curieuse de comprendre d\u2019autres cultures, elle a entrepris durant un an un \u201ctour du monde du biomim\u00e9tisme\u201d. En effectuant 4 p\u00e9riodes de recherche de 3 &hellip; Continue reading Estelle CRUZ &#8211; Speaker 2019","og_url":"https:\/\/biomimexpo.com\/en\/2018\/08\/25\/estelle-cruz\/","og_site_name":"Biomim&#039;expo","article_published_time":"2018-08-25T08:46:35+00:00","article_modified_time":"2021-10-06T05:10:49+00:00","og_image":[{"url":"https:\/\/biomimexpo.com\/wp-content\/uploads\/2021\/09\/CARRE-SPEAKER-ESTELLE-CRUZ-BIOMIMEXPO-2021-1024x1024.jpg","type":"","width":"","height":""}],"author":"AR_","twitter_card":"summary_large_image","twitter_misc":{"Written by":"AR_","Estimated reading time":"1 minute"},"schema":{"@context":"https:\/\/schema.org","@graph":[{"@type":"Article","@id":"https:\/\/biomimexpo.com\/2018\/08\/25\/estelle-cruz\/#article","isPartOf":{"@id":"https:\/\/biomimexpo.com\/2018\/08\/25\/estelle-cruz\/"},"author":{"name":"AR_","@id":"https:\/\/biomimexpo.com\/#\/schema\/person\/552f552826eb3c1031dfbab5252cdb5f"},"headline":"Estelle CRUZ &#8211; Speaker 2019","datePublished":"2018-08-25T08:46:35+00:00","dateModified":"2021-10-06T05:10:49+00:00","mainEntityOfPage":{"@id":"https:\/\/biomimexpo.com\/2018\/08\/25\/estelle-cruz\/"},"wordCount":183,"commentCount":0,"image":{"@id":"https:\/\/biomimexpo.com\/2018\/08\/25\/estelle-cruz\/#primaryimage"},"thumbnailUrl":"https:\/\/biomimexpo.com\/wp-content\/uploads\/2021\/09\/CARRE-SPEAKER-ESTELLE-CRUZ-BIOMIMEXPO-2021-1024x1024.jpg","articleSection":["Non class\u00e9"],"inLanguage":"en-GB","potentialAction":[{"@type":"CommentAction","name":"Comment","target":["https:\/\/biomimexpo.com\/2018\/08\/25\/estelle-cruz\/#respond"]}]},{"@type":"WebPage","@id":"https:\/\/biomimexpo.com\/2018\/08\/25\/estelle-cruz\/","url":"https:\/\/biomimexpo.com\/2018\/08\/25\/estelle-cruz\/","name":"Estelle CRUZ - Speaker 2019 - Biomim&#039;expo","isPartOf":{"@id":"https:\/\/biomimexpo.com\/#website"},"primaryImageOfPage":{"@id":"https:\/\/biomimexpo.com\/2018\/08\/25\/estelle-cruz\/#primaryimage"},"image":{"@id":"https:\/\/biomimexpo.com\/2018\/08\/25\/estelle-cruz\/#primaryimage"},"thumbnailUrl":"https:\/\/biomimexpo.com\/wp-content\/uploads\/2021\/09\/CARRE-SPEAKER-ESTELLE-CRUZ-BIOMIMEXPO-2021-1024x1024.jpg","datePublished":"2018-08-25T08:46:35+00:00","dateModified":"2021-10-06T05:10:49+00:00","author":{"@id":"https:\/\/biomimexpo.com\/#\/schema\/person\/552f552826eb3c1031dfbab5252cdb5f"},"breadcrumb":{"@id":"https:\/\/biomimexpo.com\/2018\/08\/25\/estelle-cruz\/#breadcrumb"},"inLanguage":"en-GB","potentialAction":[{"@type":"ReadAction","target":["https:\/\/biomimexpo.com\/2018\/08\/25\/estelle-cruz\/"]}]},{"@type":"ImageObject","inLanguage":"en-GB","@id":"https:\/\/biomimexpo.com\/2018\/08\/25\/estelle-cruz\/#primaryimage","url":"https:\/\/biomimexpo.com\/wp-content\/uploads\/2021\/09\/CARRE-SPEAKER-ESTELLE-CRUZ-BIOMIMEXPO-2021-1024x1024.jpg","contentUrl":"https:\/\/biomimexpo.com\/wp-content\/uploads\/2021\/09\/CARRE-SPEAKER-ESTELLE-CRUZ-BIOMIMEXPO-2021-1024x1024.jpg"},{"@type":"BreadcrumbList","@id":"https:\/\/biomimexpo.com\/2018\/08\/25\/estelle-cruz\/#breadcrumb","itemListElement":[{"@type":"ListItem","position":1,"name":"Accueil","item":"https:\/\/biomimexpo.com\/"},{"@type":"ListItem","position":2,"name":"Non class\u00e9","item":"https:\/\/biomimexpo.com\/category\/non-classe\/"},{"@type":"ListItem","position":3,"name":"Estelle CRUZ &#8211; Speaker 2019"}]},{"@type":"WebSite","@id":"https:\/\/biomimexpo.com\/#website","url":"https:\/\/biomimexpo.com\/","name":"Biomim&#039;expo","description":"Le premier salon et showroom du biomim\u00e9tisme","potentialAction":[{"@type":"SearchAction","target":{"@type":"EntryPoint","urlTemplate":"https:\/\/biomimexpo.com\/?s={search_term_string}"},"query-input":{"@type":"PropertyValueSpecification","valueRequired":true,"valueName":"search_term_string"}}],"inLanguage":"en-GB"},{"@type":"Person","@id":"https:\/\/biomimexpo.com\/#\/schema\/person\/552f552826eb3c1031dfbab5252cdb5f","name":"AR_","image":{"@type":"ImageObject","inLanguage":"en-GB","@id":"https:\/\/secure.gravatar.com\/avatar\/e4d0abc8d480254e89f3d2c6e39f05870d577cafd3aca83f9427d6d8b6b785c2?s=96&d=identicon&r=g","url":"https:\/\/secure.gravatar.com\/avatar\/e4d0abc8d480254e89f3d2c6e39f05870d577cafd3aca83f9427d6d8b6b785c2?s=96&d=identicon&r=g","contentUrl":"https:\/\/secure.gravatar.com\/avatar\/e4d0abc8d480254e89f3d2c6e39f05870d577cafd3aca83f9427d6d8b6b785c2?s=96&d=identicon&r=g","caption":"AR_"},"description":"Alain Renaudin a cr\u00e9\u00e9 le cabinet \"NewCorp Conseil\" apr\u00e8s une double exp\u00e9rience en tant que dirigeant d'institut de sondage, l'Ifop, et d'agence de communication au sein de DDB Groupe. Il est en effet plus que jamais utile de rapprocher strat\u00e9gies de communication et strat\u00e9gies d'opinion, pour recr\u00e9er du lien, de la confiance et de la proximit\u00e9 entre les marques, les entreprises, les institutions publiques et leurs publics parties prenantes. Il faut d\u00e9cloisonner connaissance des publics et expertises de communication pour exprimer des id\u00e9es justes, de fa\u00e7on cr\u00e9ative, et d\u00e9ployer des strat\u00e9gies de communication qui s'inscrivent en r\u00e9sonance avec les cibles auxquelles elles s'adressent. L'exp\u00e9rience combin\u00e9e de l'analyse de l'opinion et des m\u00e9tiers de la communication permet de forger un certain regard sur l'actualit\u00e9 des institutions et des entreprises. Un certain regard pour essayer de forger une certaine conviction, pour ne pas toujours chercher sous les r\u00e9verb\u00e8res et faire en sorte que le d\u00e9cloisonnement des id\u00e9es soit une source d'inspiration cr\u00e9ative dans ce monde qui a tant besoin de renouveau, audible, visible et aspirationnel.","sameAs":["http:\/\/alainrenaudin.wordpress.com"],"url":"https:\/\/biomimexpo.com\/en\/author\/alainrenaudin\/"}]}},"jetpack_publicize_connections":[],"jetpack_likes_enabled":true,"jetpack_sharing_enabled":true,"jetpack_shortlink":"https:\/\/wp.me\/p51wao-145","jetpack_featured_media_url":"","_links":{"self":[{"href":"https:\/\/biomimexpo.com\/en\/wp-json\/wp\/v2\/posts\/4097","targetHints":{"allow":["GET"]}}],"collection":[{"href":"https:\/\/biomimexpo.com\/en\/wp-json\/wp\/v2\/posts"}],"about":[{"href":"https:\/\/biomimexpo.com\/en\/wp-json\/wp\/v2\/types\/post"}],"author":[{"embeddable":true,"href":"https:\/\/biomimexpo.com\/en\/wp-json\/wp\/v2\/users\/30655367"}],"replies":[{"embeddable":true,"href":"https:\/\/biomimexpo.com\/en\/wp-json\/wp\/v2\/comments?post=4097"}],"version-history":[{"count":5,"href":"https:\/\/biomimexpo.com\/en\/wp-json\/wp\/v2\/posts\/4097\/revisions"}],"predecessor-version":[{"id":19044,"href":"https:\/\/biomimexpo.com\/en\/wp-json\/wp\/v2\/posts\/4097\/revisions\/19044"}],"wp:attachment":[{"href":"https:\/\/biomimexpo.com\/en\/wp-json\/wp\/v2\/media?parent=4097"}],"wp:term":[{"taxonomy":"category","embeddable":true,"href":"https:\/\/biomimexpo.com\/en\/wp-json\/wp\/v2\/categories?post=4097"},{"taxonomy":"post_tag","embeddable":true,"href":"https:\/\/biomimexpo.com\/en\/wp-json\/wp\/v2\/tags?post=4097"}],"curies":[{"name":"wp","href":"https:\/\/api.w.org\/{rel}","templated":true}]}}