{"id":11435,"date":"2020-09-18T22:02:29","date_gmt":"2020-09-18T21:02:29","guid":{"rendered":"https:\/\/biomimexpo.com\/?p=11435"},"modified":"2021-09-28T23:37:26","modified_gmt":"2021-09-28T22:37:26","slug":"marc-jeannin","status":"publish","type":"post","link":"https:\/\/biomimexpo.com\/en\/2020\/09\/18\/marc-jeannin\/","title":{"rendered":"MARC JEANNIN"},"content":{"rendered":"<div class=\"wp-block-columns is-layout-flex wp-container-core-columns-is-layout-8f761849 wp-block-columns-is-layout-flex\">\n<div class=\"wp-block-column is-layout-flow wp-block-column-is-layout-flow\">\n<figure class=\"wp-block-image size-large\"><img data-recalc-dims=\"1\" loading=\"lazy\" decoding=\"async\" width=\"676\" height=\"676\" data-attachment-id=\"18881\" data-permalink=\"https:\/\/biomimexpo.com\/en\/2020\/09\/18\/marc-jeannin\/la7-carre-speaker-marc-jeannin-biomimexpo-2021-1\/\" data-orig-file=\"https:\/\/i0.wp.com\/biomimexpo.com\/wp-content\/uploads\/2021\/09\/LA7-CARRE-SPEAKER-MARC-JEANNIN-BIOMIMEXPO-2021-1.jpg?fit=2500%2C2500&amp;ssl=1\" data-orig-size=\"2500,2500\" data-comments-opened=\"1\" data-image-meta=\"{&quot;aperture&quot;:&quot;0&quot;,&quot;credit&quot;:&quot;&quot;,&quot;camera&quot;:&quot;&quot;,&quot;caption&quot;:&quot;&quot;,&quot;created_timestamp&quot;:&quot;0&quot;,&quot;copyright&quot;:&quot;&quot;,&quot;focal_length&quot;:&quot;0&quot;,&quot;iso&quot;:&quot;0&quot;,&quot;shutter_speed&quot;:&quot;0&quot;,&quot;title&quot;:&quot;&quot;,&quot;orientation&quot;:&quot;0&quot;}\" data-image-title=\"LA7-CARRE-SPEAKER-MARC-JEANNIN-BIOMIMEXPO-2021-1\" data-image-description=\"\" data-image-caption=\"\" data-large-file=\"https:\/\/i0.wp.com\/biomimexpo.com\/wp-content\/uploads\/2021\/09\/LA7-CARRE-SPEAKER-MARC-JEANNIN-BIOMIMEXPO-2021-1.jpg?fit=676%2C676&amp;ssl=1\" src=\"https:\/\/i0.wp.com\/biomimexpo.com\/wp-content\/uploads\/2021\/09\/LA7-CARRE-SPEAKER-MARC-JEANNIN-BIOMIMEXPO-2021-1.jpg?resize=676%2C676&#038;ssl=1\" alt=\"\" class=\"wp-image-18881\" srcset=\"https:\/\/i0.wp.com\/biomimexpo.com\/wp-content\/uploads\/2021\/09\/LA7-CARRE-SPEAKER-MARC-JEANNIN-BIOMIMEXPO-2021-1.jpg?resize=1024%2C1024&amp;ssl=1 1024w, https:\/\/i0.wp.com\/biomimexpo.com\/wp-content\/uploads\/2021\/09\/LA7-CARRE-SPEAKER-MARC-JEANNIN-BIOMIMEXPO-2021-1.jpg?resize=300%2C300&amp;ssl=1 300w, https:\/\/i0.wp.com\/biomimexpo.com\/wp-content\/uploads\/2021\/09\/LA7-CARRE-SPEAKER-MARC-JEANNIN-BIOMIMEXPO-2021-1.jpg?resize=150%2C150&amp;ssl=1 150w, https:\/\/i0.wp.com\/biomimexpo.com\/wp-content\/uploads\/2021\/09\/LA7-CARRE-SPEAKER-MARC-JEANNIN-BIOMIMEXPO-2021-1.jpg?resize=768%2C768&amp;ssl=1 768w, https:\/\/i0.wp.com\/biomimexpo.com\/wp-content\/uploads\/2021\/09\/LA7-CARRE-SPEAKER-MARC-JEANNIN-BIOMIMEXPO-2021-1.jpg?resize=1536%2C1536&amp;ssl=1 1536w, https:\/\/i0.wp.com\/biomimexpo.com\/wp-content\/uploads\/2021\/09\/LA7-CARRE-SPEAKER-MARC-JEANNIN-BIOMIMEXPO-2021-1.jpg?resize=2048%2C2048&amp;ssl=1 2048w, https:\/\/i0.wp.com\/biomimexpo.com\/wp-content\/uploads\/2021\/09\/LA7-CARRE-SPEAKER-MARC-JEANNIN-BIOMIMEXPO-2021-1.jpg?resize=676%2C676&amp;ssl=1 676w, https:\/\/i0.wp.com\/biomimexpo.com\/wp-content\/uploads\/2021\/09\/LA7-CARRE-SPEAKER-MARC-JEANNIN-BIOMIMEXPO-2021-1.jpg?w=1352&amp;ssl=1 1352w\" sizes=\"auto, (max-width: 676px) 100vw, 676px\" \/><\/figure>\n<\/div>\n\n\n\n<div class=\"wp-block-column is-layout-flow wp-block-column-is-layout-flow\"><\/div>\n<\/div>\n\n\n\n<p class=\"has-text-align-justify wp-block-paragraph\">Marc Jeannin received his PhD in condensed matter science in 1994. His thesis, carried out at the Physical Spectrometry Laboratory of the University of Grenoble, was on \"Molecular recognition in paramagnetic ionic solutions by nuclear relaxation\". <\/p>\n\n\n\n<p class=\"has-text-align-justify wp-block-paragraph\">He then joined the University of La Rochelle in 1995 as a lecturer in the marine corrosion team of the Laboratory of Engineering Sciences for the Environment (LaSIE - UMR CNRS). He worked on the marine corrosion of port infrastructures and cathodic protection. He then became a specialist in the analysis of the rust layer by Raman and X-ray micro-spectrometry. He then passed his Habilitation to Supervise Research (HDR) in 2010 on the theme \"Iron oxidation processes in natural environments\". <\/p>\n\n\n\n<p class=\"has-text-align-justify wp-block-paragraph\">He was also the coordinator of an ANR 2013-2018 on the calcomagnesian agglomerate obtained by cathodic protection as a solution to coastal erosion (ANR Ecocorail) in collaboration with 3 teams from the universities of Caen and New Caledonia and the company Geocorail SAS. Since then, he has been working closely with microbiology professors from the LIENSs laboratory at the University of La Rochelle on the processes of bio-mineralisation by marine bacteria with the aim of coupling electrochemistry and microbiology in order to promote the reinforcement of the coastline on the one hand, and the synthesis of bio-bricks from recycled concrete sand on the other. This activity is currently financed by a PEPS CNRS project and will be extended by a thesis financed by ADEME and the PIA La Rochelle Territoire Z\u00e9ro Carbone. <\/p>\n\n\n\n<p class=\"has-text-align-justify wp-block-paragraph\">During his career, Marc Jeannin has developed numerous international collaborations with the University of El-Manar in Tunis, the University of B\u00e9jaia in Algeria and the University of Johannesburg in South Africa. He has supervised or co-supervised numerous theses and is also an expert in Raman analysis for various companies such as Arcelor Mital, Michelin, Naval Group, ... He is also co-author of more than 70 publications and 3 book chapters.<\/p>","protected":false},"excerpt":{"rendered":"<p>Marc Jeannin was awarded a doctorate in condensed matter science in 1994. His thesis, carried out at the Physical Spectrometry Laboratory of the University of Grenoble, focused on \"molecular recognition in paramagnetic ionic solutions by nuclear relaxation\". In 1995, he joined the University of La Rochelle as a senior lecturer in ... <a href=\"https:\/\/biomimexpo.com\/en\/2020\/09\/18\/marc-jeannin\/\" class=\"more-link\">Continue reading <span class=\"screen-reader-text\">MARC JEANNIN<\/span><\/a><\/p>","protected":false},"author":30655367,"featured_media":0,"comment_status":"open","ping_status":"open","sticky":false,"template":"","format":"standard","meta":{"ngg_post_thumbnail":0,"_jetpack_newsletter_access":"","_jetpack_dont_email_post_to_subs":false,"_jetpack_newsletter_tier_id":0,"_jetpack_memberships_contains_paywalled_content":false,"_wpcom_ai_launchpad_first_post":false,"_jetpack_feature_clip_id":0,"_jetpack_memberships_contains_paid_content":false,"footnotes":"","jetpack_publicize_message":"{title}\n\n{excerpt}\n\n{url}","jetpack_publicize_feature_enabled":true,"jetpack_social_post_already_shared":true,"jetpack_social_options":{"image_generator_settings":{"template":"highway","default_image_id":0,"font":"","enabled":false},"version":2},"_wpas_customize_per_network":false,"jetpack_post_was_ever_published":false},"categories":[6325],"tags":[],"class_list":["post-11435","post","type-post","status-publish","format-standard","hentry","category-non-classe"],"yoast_head":"<!-- This site is optimized with the Yoast SEO plugin v28.3 - https:\/\/yoast.com\/product\/yoast-seo-wordpress\/ -->\n<title>MARC JEANNIN - Biomim&#039;expo<\/title>\n<meta name=\"robots\" content=\"index, follow, max-snippet:-1, max-image-preview:large, max-video-preview:-1\" \/>\n<link rel=\"canonical\" href=\"https:\/\/biomimexpo.com\/en\/2020\/09\/18\/marc-jeannin\/\" \/>\n<meta property=\"og:locale\" content=\"en_GB\" \/>\n<meta property=\"og:type\" content=\"article\" \/>\n<meta property=\"og:title\" content=\"MARC JEANNIN - Biomim&#039;expo\" \/>\n<meta property=\"og:description\" content=\"Marc Jeannin est docteur en sciences de la mati\u00e8re condens\u00e9e depuis 1994. Sa th\u00e8se, r\u00e9alis\u00e9e au Laboratoire de Spectrom\u00e9trie Physique de l\u2019Universit\u00e9 de Grenoble, portait sur la \u00ab reconnaissance mol\u00e9culaire dans les solutions ioniques paramagn\u00e9tiques par relaxation nucl\u00e9aire\u201d. Il a ensuite rejoint en 1995 l\u2019universit\u00e9 de La Rochelle en tant que Ma\u00eetre de Conf\u00e9rences dans &hellip; Continue reading MARC JEANNIN\" \/>\n<meta property=\"og:url\" content=\"https:\/\/biomimexpo.com\/en\/2020\/09\/18\/marc-jeannin\/\" \/>\n<meta property=\"og:site_name\" content=\"Biomim&#039;expo\" \/>\n<meta property=\"article:published_time\" content=\"2020-09-18T21:02:29+00:00\" \/>\n<meta property=\"article:modified_time\" content=\"2021-09-28T22:37:26+00:00\" \/>\n<meta property=\"og:image\" content=\"https:\/\/biomimexpo.com\/wp-content\/uploads\/2021\/09\/LA7-CARRE-SPEAKER-MARC-JEANNIN-BIOMIMEXPO-2021-1-1024x1024.jpg\" \/>\n<meta name=\"author\" content=\"AR_\" \/>\n<meta name=\"twitter:card\" content=\"summary_large_image\" \/>\n<meta name=\"twitter:label1\" content=\"Written by\" \/>\n\t<meta name=\"twitter:data1\" content=\"AR_\" \/>\n\t<meta name=\"twitter:label2\" content=\"Estimated reading time\" \/>\n\t<meta name=\"twitter:data2\" content=\"2 minutes\" \/>\n<script type=\"application\/ld+json\" class=\"yoast-schema-graph\">{\"@context\":\"https:\\\/\\\/schema.org\",\"@graph\":[{\"@type\":\"Article\",\"@id\":\"https:\\\/\\\/biomimexpo.com\\\/2020\\\/09\\\/18\\\/marc-jeannin\\\/#article\",\"isPartOf\":{\"@id\":\"https:\\\/\\\/biomimexpo.com\\\/2020\\\/09\\\/18\\\/marc-jeannin\\\/\"},\"author\":{\"name\":\"AR_\",\"@id\":\"https:\\\/\\\/biomimexpo.com\\\/#\\\/schema\\\/person\\\/552f552826eb3c1031dfbab5252cdb5f\"},\"headline\":\"MARC JEANNIN\",\"datePublished\":\"2020-09-18T21:02:29+00:00\",\"dateModified\":\"2021-09-28T22:37:26+00:00\",\"mainEntityOfPage\":{\"@id\":\"https:\\\/\\\/biomimexpo.com\\\/2020\\\/09\\\/18\\\/marc-jeannin\\\/\"},\"wordCount\":371,\"commentCount\":0,\"image\":{\"@id\":\"https:\\\/\\\/biomimexpo.com\\\/2020\\\/09\\\/18\\\/marc-jeannin\\\/#primaryimage\"},\"thumbnailUrl\":\"https:\\\/\\\/biomimexpo.com\\\/wp-content\\\/uploads\\\/2021\\\/09\\\/LA7-CARRE-SPEAKER-MARC-JEANNIN-BIOMIMEXPO-2021-1-1024x1024.jpg\",\"articleSection\":[\"Non class\u00e9\"],\"inLanguage\":\"en-GB\",\"potentialAction\":[{\"@type\":\"CommentAction\",\"name\":\"Comment\",\"target\":[\"https:\\\/\\\/biomimexpo.com\\\/2020\\\/09\\\/18\\\/marc-jeannin\\\/#respond\"]}]},{\"@type\":\"WebPage\",\"@id\":\"https:\\\/\\\/biomimexpo.com\\\/2020\\\/09\\\/18\\\/marc-jeannin\\\/\",\"url\":\"https:\\\/\\\/biomimexpo.com\\\/2020\\\/09\\\/18\\\/marc-jeannin\\\/\",\"name\":\"MARC JEANNIN - Biomim&#039;expo\",\"isPartOf\":{\"@id\":\"https:\\\/\\\/biomimexpo.com\\\/#website\"},\"primaryImageOfPage\":{\"@id\":\"https:\\\/\\\/biomimexpo.com\\\/2020\\\/09\\\/18\\\/marc-jeannin\\\/#primaryimage\"},\"image\":{\"@id\":\"https:\\\/\\\/biomimexpo.com\\\/2020\\\/09\\\/18\\\/marc-jeannin\\\/#primaryimage\"},\"thumbnailUrl\":\"https:\\\/\\\/biomimexpo.com\\\/wp-content\\\/uploads\\\/2021\\\/09\\\/LA7-CARRE-SPEAKER-MARC-JEANNIN-BIOMIMEXPO-2021-1-1024x1024.jpg\",\"datePublished\":\"2020-09-18T21:02:29+00:00\",\"dateModified\":\"2021-09-28T22:37:26+00:00\",\"author\":{\"@id\":\"https:\\\/\\\/biomimexpo.com\\\/#\\\/schema\\\/person\\\/552f552826eb3c1031dfbab5252cdb5f\"},\"breadcrumb\":{\"@id\":\"https:\\\/\\\/biomimexpo.com\\\/2020\\\/09\\\/18\\\/marc-jeannin\\\/#breadcrumb\"},\"inLanguage\":\"en-GB\",\"potentialAction\":[{\"@type\":\"ReadAction\",\"target\":[\"https:\\\/\\\/biomimexpo.com\\\/2020\\\/09\\\/18\\\/marc-jeannin\\\/\"]}]},{\"@type\":\"ImageObject\",\"inLanguage\":\"en-GB\",\"@id\":\"https:\\\/\\\/biomimexpo.com\\\/2020\\\/09\\\/18\\\/marc-jeannin\\\/#primaryimage\",\"url\":\"https:\\\/\\\/biomimexpo.com\\\/wp-content\\\/uploads\\\/2021\\\/09\\\/LA7-CARRE-SPEAKER-MARC-JEANNIN-BIOMIMEXPO-2021-1-1024x1024.jpg\",\"contentUrl\":\"https:\\\/\\\/biomimexpo.com\\\/wp-content\\\/uploads\\\/2021\\\/09\\\/LA7-CARRE-SPEAKER-MARC-JEANNIN-BIOMIMEXPO-2021-1-1024x1024.jpg\"},{\"@type\":\"BreadcrumbList\",\"@id\":\"https:\\\/\\\/biomimexpo.com\\\/2020\\\/09\\\/18\\\/marc-jeannin\\\/#breadcrumb\",\"itemListElement\":[{\"@type\":\"ListItem\",\"position\":1,\"name\":\"Accueil\",\"item\":\"https:\\\/\\\/biomimexpo.com\\\/\"},{\"@type\":\"ListItem\",\"position\":2,\"name\":\"Non class\u00e9\",\"item\":\"https:\\\/\\\/biomimexpo.com\\\/category\\\/non-classe\\\/\"},{\"@type\":\"ListItem\",\"position\":3,\"name\":\"MARC JEANNIN\"}]},{\"@type\":\"WebSite\",\"@id\":\"https:\\\/\\\/biomimexpo.com\\\/#website\",\"url\":\"https:\\\/\\\/biomimexpo.com\\\/\",\"name\":\"Biomim&#039;expo\",\"description\":\"Le premier salon et showroom du biomim\u00e9tisme\",\"potentialAction\":[{\"@type\":\"SearchAction\",\"target\":{\"@type\":\"EntryPoint\",\"urlTemplate\":\"https:\\\/\\\/biomimexpo.com\\\/?s={search_term_string}\"},\"query-input\":{\"@type\":\"PropertyValueSpecification\",\"valueRequired\":true,\"valueName\":\"search_term_string\"}}],\"inLanguage\":\"en-GB\"},{\"@type\":\"Person\",\"@id\":\"https:\\\/\\\/biomimexpo.com\\\/#\\\/schema\\\/person\\\/552f552826eb3c1031dfbab5252cdb5f\",\"name\":\"AR_\",\"image\":{\"@type\":\"ImageObject\",\"inLanguage\":\"en-GB\",\"@id\":\"https:\\\/\\\/secure.gravatar.com\\\/avatar\\\/e4d0abc8d480254e89f3d2c6e39f05870d577cafd3aca83f9427d6d8b6b785c2?s=96&d=identicon&r=g\",\"url\":\"https:\\\/\\\/secure.gravatar.com\\\/avatar\\\/e4d0abc8d480254e89f3d2c6e39f05870d577cafd3aca83f9427d6d8b6b785c2?s=96&d=identicon&r=g\",\"contentUrl\":\"https:\\\/\\\/secure.gravatar.com\\\/avatar\\\/e4d0abc8d480254e89f3d2c6e39f05870d577cafd3aca83f9427d6d8b6b785c2?s=96&d=identicon&r=g\",\"caption\":\"AR_\"},\"description\":\"Alain Renaudin a cr\u00e9\u00e9 le cabinet \\\"NewCorp Conseil\\\" apr\u00e8s une double exp\u00e9rience en tant que dirigeant d'institut de sondage, l'Ifop, et d'agence de communication au sein de DDB Groupe. Il est en effet plus que jamais utile de rapprocher strat\u00e9gies de communication et strat\u00e9gies d'opinion, pour recr\u00e9er du lien, de la confiance et de la proximit\u00e9 entre les marques, les entreprises, les institutions publiques et leurs publics parties prenantes. Il faut d\u00e9cloisonner connaissance des publics et expertises de communication pour exprimer des id\u00e9es justes, de fa\u00e7on cr\u00e9ative, et d\u00e9ployer des strat\u00e9gies de communication qui s'inscrivent en r\u00e9sonance avec les cibles auxquelles elles s'adressent. L'exp\u00e9rience combin\u00e9e de l'analyse de l'opinion et des m\u00e9tiers de la communication permet de forger un certain regard sur l'actualit\u00e9 des institutions et des entreprises. Un certain regard pour essayer de forger une certaine conviction, pour ne pas toujours chercher sous les r\u00e9verb\u00e8res et faire en sorte que le d\u00e9cloisonnement des id\u00e9es soit une source d'inspiration cr\u00e9ative dans ce monde qui a tant besoin de renouveau, audible, visible et aspirationnel.\",\"sameAs\":[\"http:\\\/\\\/alainrenaudin.wordpress.com\"],\"url\":\"https:\\\/\\\/biomimexpo.com\\\/en\\\/author\\\/alainrenaudin\\\/\"}]}<\/script>\n<!-- \/ Yoast SEO plugin. -->","yoast_head_json":{"title":"MARC JEANNIN - Biomim&#039;expo","robots":{"index":"index","follow":"follow","max-snippet":"max-snippet:-1","max-image-preview":"max-image-preview:large","max-video-preview":"max-video-preview:-1"},"canonical":"https:\/\/biomimexpo.com\/en\/2020\/09\/18\/marc-jeannin\/","og_locale":"en_GB","og_type":"article","og_title":"MARC JEANNIN - Biomim&#039;expo","og_description":"Marc Jeannin est docteur en sciences de la mati\u00e8re condens\u00e9e depuis 1994. Sa th\u00e8se, r\u00e9alis\u00e9e au Laboratoire de Spectrom\u00e9trie Physique de l\u2019Universit\u00e9 de Grenoble, portait sur la \u00ab reconnaissance mol\u00e9culaire dans les solutions ioniques paramagn\u00e9tiques par relaxation nucl\u00e9aire\u201d. Il a ensuite rejoint en 1995 l\u2019universit\u00e9 de La Rochelle en tant que Ma\u00eetre de Conf\u00e9rences dans &hellip; Continue reading MARC JEANNIN","og_url":"https:\/\/biomimexpo.com\/en\/2020\/09\/18\/marc-jeannin\/","og_site_name":"Biomim&#039;expo","article_published_time":"2020-09-18T21:02:29+00:00","article_modified_time":"2021-09-28T22:37:26+00:00","og_image":[{"url":"https:\/\/biomimexpo.com\/wp-content\/uploads\/2021\/09\/LA7-CARRE-SPEAKER-MARC-JEANNIN-BIOMIMEXPO-2021-1-1024x1024.jpg","type":"","width":"","height":""}],"author":"AR_","twitter_card":"summary_large_image","twitter_misc":{"Written by":"AR_","Estimated reading time":"2 minutes"},"schema":{"@context":"https:\/\/schema.org","@graph":[{"@type":"Article","@id":"https:\/\/biomimexpo.com\/2020\/09\/18\/marc-jeannin\/#article","isPartOf":{"@id":"https:\/\/biomimexpo.com\/2020\/09\/18\/marc-jeannin\/"},"author":{"name":"AR_","@id":"https:\/\/biomimexpo.com\/#\/schema\/person\/552f552826eb3c1031dfbab5252cdb5f"},"headline":"MARC JEANNIN","datePublished":"2020-09-18T21:02:29+00:00","dateModified":"2021-09-28T22:37:26+00:00","mainEntityOfPage":{"@id":"https:\/\/biomimexpo.com\/2020\/09\/18\/marc-jeannin\/"},"wordCount":371,"commentCount":0,"image":{"@id":"https:\/\/biomimexpo.com\/2020\/09\/18\/marc-jeannin\/#primaryimage"},"thumbnailUrl":"https:\/\/biomimexpo.com\/wp-content\/uploads\/2021\/09\/LA7-CARRE-SPEAKER-MARC-JEANNIN-BIOMIMEXPO-2021-1-1024x1024.jpg","articleSection":["Non class\u00e9"],"inLanguage":"en-GB","potentialAction":[{"@type":"CommentAction","name":"Comment","target":["https:\/\/biomimexpo.com\/2020\/09\/18\/marc-jeannin\/#respond"]}]},{"@type":"WebPage","@id":"https:\/\/biomimexpo.com\/2020\/09\/18\/marc-jeannin\/","url":"https:\/\/biomimexpo.com\/2020\/09\/18\/marc-jeannin\/","name":"MARC JEANNIN - Biomim&#039;expo","isPartOf":{"@id":"https:\/\/biomimexpo.com\/#website"},"primaryImageOfPage":{"@id":"https:\/\/biomimexpo.com\/2020\/09\/18\/marc-jeannin\/#primaryimage"},"image":{"@id":"https:\/\/biomimexpo.com\/2020\/09\/18\/marc-jeannin\/#primaryimage"},"thumbnailUrl":"https:\/\/biomimexpo.com\/wp-content\/uploads\/2021\/09\/LA7-CARRE-SPEAKER-MARC-JEANNIN-BIOMIMEXPO-2021-1-1024x1024.jpg","datePublished":"2020-09-18T21:02:29+00:00","dateModified":"2021-09-28T22:37:26+00:00","author":{"@id":"https:\/\/biomimexpo.com\/#\/schema\/person\/552f552826eb3c1031dfbab5252cdb5f"},"breadcrumb":{"@id":"https:\/\/biomimexpo.com\/2020\/09\/18\/marc-jeannin\/#breadcrumb"},"inLanguage":"en-GB","potentialAction":[{"@type":"ReadAction","target":["https:\/\/biomimexpo.com\/2020\/09\/18\/marc-jeannin\/"]}]},{"@type":"ImageObject","inLanguage":"en-GB","@id":"https:\/\/biomimexpo.com\/2020\/09\/18\/marc-jeannin\/#primaryimage","url":"https:\/\/biomimexpo.com\/wp-content\/uploads\/2021\/09\/LA7-CARRE-SPEAKER-MARC-JEANNIN-BIOMIMEXPO-2021-1-1024x1024.jpg","contentUrl":"https:\/\/biomimexpo.com\/wp-content\/uploads\/2021\/09\/LA7-CARRE-SPEAKER-MARC-JEANNIN-BIOMIMEXPO-2021-1-1024x1024.jpg"},{"@type":"BreadcrumbList","@id":"https:\/\/biomimexpo.com\/2020\/09\/18\/marc-jeannin\/#breadcrumb","itemListElement":[{"@type":"ListItem","position":1,"name":"Accueil","item":"https:\/\/biomimexpo.com\/"},{"@type":"ListItem","position":2,"name":"Non class\u00e9","item":"https:\/\/biomimexpo.com\/category\/non-classe\/"},{"@type":"ListItem","position":3,"name":"MARC JEANNIN"}]},{"@type":"WebSite","@id":"https:\/\/biomimexpo.com\/#website","url":"https:\/\/biomimexpo.com\/","name":"Biomim&#039;expo","description":"Le premier salon et showroom du biomim\u00e9tisme","potentialAction":[{"@type":"SearchAction","target":{"@type":"EntryPoint","urlTemplate":"https:\/\/biomimexpo.com\/?s={search_term_string}"},"query-input":{"@type":"PropertyValueSpecification","valueRequired":true,"valueName":"search_term_string"}}],"inLanguage":"en-GB"},{"@type":"Person","@id":"https:\/\/biomimexpo.com\/#\/schema\/person\/552f552826eb3c1031dfbab5252cdb5f","name":"AR_","image":{"@type":"ImageObject","inLanguage":"en-GB","@id":"https:\/\/secure.gravatar.com\/avatar\/e4d0abc8d480254e89f3d2c6e39f05870d577cafd3aca83f9427d6d8b6b785c2?s=96&d=identicon&r=g","url":"https:\/\/secure.gravatar.com\/avatar\/e4d0abc8d480254e89f3d2c6e39f05870d577cafd3aca83f9427d6d8b6b785c2?s=96&d=identicon&r=g","contentUrl":"https:\/\/secure.gravatar.com\/avatar\/e4d0abc8d480254e89f3d2c6e39f05870d577cafd3aca83f9427d6d8b6b785c2?s=96&d=identicon&r=g","caption":"AR_"},"description":"Alain Renaudin a cr\u00e9\u00e9 le cabinet \"NewCorp Conseil\" apr\u00e8s une double exp\u00e9rience en tant que dirigeant d'institut de sondage, l'Ifop, et d'agence de communication au sein de DDB Groupe. Il est en effet plus que jamais utile de rapprocher strat\u00e9gies de communication et strat\u00e9gies d'opinion, pour recr\u00e9er du lien, de la confiance et de la proximit\u00e9 entre les marques, les entreprises, les institutions publiques et leurs publics parties prenantes. Il faut d\u00e9cloisonner connaissance des publics et expertises de communication pour exprimer des id\u00e9es justes, de fa\u00e7on cr\u00e9ative, et d\u00e9ployer des strat\u00e9gies de communication qui s'inscrivent en r\u00e9sonance avec les cibles auxquelles elles s'adressent. L'exp\u00e9rience combin\u00e9e de l'analyse de l'opinion et des m\u00e9tiers de la communication permet de forger un certain regard sur l'actualit\u00e9 des institutions et des entreprises. Un certain regard pour essayer de forger une certaine conviction, pour ne pas toujours chercher sous les r\u00e9verb\u00e8res et faire en sorte que le d\u00e9cloisonnement des id\u00e9es soit une source d'inspiration cr\u00e9ative dans ce monde qui a tant besoin de renouveau, audible, visible et aspirationnel.","sameAs":["http:\/\/alainrenaudin.wordpress.com"],"url":"https:\/\/biomimexpo.com\/en\/author\/alainrenaudin\/"}]}},"jetpack_publicize_connections":[],"jetpack_likes_enabled":true,"jetpack_sharing_enabled":true,"jetpack_shortlink":"https:\/\/wp.me\/p51wao-2Yr","jetpack_featured_media_url":"","_links":{"self":[{"href":"https:\/\/biomimexpo.com\/en\/wp-json\/wp\/v2\/posts\/11435","targetHints":{"allow":["GET"]}}],"collection":[{"href":"https:\/\/biomimexpo.com\/en\/wp-json\/wp\/v2\/posts"}],"about":[{"href":"https:\/\/biomimexpo.com\/en\/wp-json\/wp\/v2\/types\/post"}],"author":[{"embeddable":true,"href":"https:\/\/biomimexpo.com\/en\/wp-json\/wp\/v2\/users\/30655367"}],"replies":[{"embeddable":true,"href":"https:\/\/biomimexpo.com\/en\/wp-json\/wp\/v2\/comments?post=11435"}],"version-history":[{"count":9,"href":"https:\/\/biomimexpo.com\/en\/wp-json\/wp\/v2\/posts\/11435\/revisions"}],"predecessor-version":[{"id":18882,"href":"https:\/\/biomimexpo.com\/en\/wp-json\/wp\/v2\/posts\/11435\/revisions\/18882"}],"wp:attachment":[{"href":"https:\/\/biomimexpo.com\/en\/wp-json\/wp\/v2\/media?parent=11435"}],"wp:term":[{"taxonomy":"category","embeddable":true,"href":"https:\/\/biomimexpo.com\/en\/wp-json\/wp\/v2\/categories?post=11435"},{"taxonomy":"post_tag","embeddable":true,"href":"https:\/\/biomimexpo.com\/en\/wp-json\/wp\/v2\/tags?post=11435"}],"curies":[{"name":"wp","href":"https:\/\/api.w.org\/{rel}","templated":true}]}}