{"id":11407,"date":"2020-09-18T21:05:15","date_gmt":"2020-09-18T20:05:15","guid":{"rendered":"https:\/\/biomimexpo.com\/?p=11407"},"modified":"2020-11-08T16:59:13","modified_gmt":"2020-11-08T15:59:13","slug":"phil-becquet","status":"publish","type":"post","link":"https:\/\/biomimexpo.com\/en\/2020\/09\/18\/phil-becquet\/","title":{"rendered":"PHIL BECQUET"},"content":{"rendered":"<p><b><a href=\"https:\/\/i0.wp.com\/biomimexpo.com\/wp-content\/uploads\/2020\/11\/PHIL-BECQUET-SPEAKER-BIOMIMEXPO-WEEK-2020.jpg?ssl=1\"><img data-recalc-dims=\"1\" loading=\"lazy\" decoding=\"async\" data-attachment-id=\"13283\" data-permalink=\"https:\/\/biomimexpo.com\/en\/2020\/09\/18\/phil-becquet\/phil-becquet-speaker-biomimexpo-week-2020\/\" data-orig-file=\"https:\/\/i0.wp.com\/biomimexpo.com\/wp-content\/uploads\/2020\/11\/PHIL-BECQUET-SPEAKER-BIOMIMEXPO-WEEK-2020.jpg?fit=2500%2C2500&amp;ssl=1\" data-orig-size=\"2500,2500\" data-comments-opened=\"1\" data-image-meta=\"{&quot;aperture&quot;:&quot;0&quot;,&quot;credit&quot;:&quot;&quot;,&quot;camera&quot;:&quot;&quot;,&quot;caption&quot;:&quot;&quot;,&quot;created_timestamp&quot;:&quot;0&quot;,&quot;copyright&quot;:&quot;&quot;,&quot;focal_length&quot;:&quot;0&quot;,&quot;iso&quot;:&quot;0&quot;,&quot;shutter_speed&quot;:&quot;0&quot;,&quot;title&quot;:&quot;&quot;,&quot;orientation&quot;:&quot;0&quot;}\" data-image-title=\"PHIL BECQUET SPEAKER BIOMIMEXPO WEEK 2020\" data-image-description=\"\" data-image-caption=\"\" data-large-file=\"https:\/\/i0.wp.com\/biomimexpo.com\/wp-content\/uploads\/2020\/11\/PHIL-BECQUET-SPEAKER-BIOMIMEXPO-WEEK-2020.jpg?fit=676%2C676&amp;ssl=1\" class=\"alignnone size-medium wp-image-13283\" src=\"https:\/\/i0.wp.com\/biomimexpo.com\/wp-content\/uploads\/2020\/11\/PHIL-BECQUET-SPEAKER-BIOMIMEXPO-WEEK-2020.jpg?resize=300%2C300&#038;ssl=1\" alt=\"\" width=\"300\" height=\"300\" srcset=\"https:\/\/i0.wp.com\/biomimexpo.com\/wp-content\/uploads\/2020\/11\/PHIL-BECQUET-SPEAKER-BIOMIMEXPO-WEEK-2020.jpg?resize=300%2C300&amp;ssl=1 300w, https:\/\/i0.wp.com\/biomimexpo.com\/wp-content\/uploads\/2020\/11\/PHIL-BECQUET-SPEAKER-BIOMIMEXPO-WEEK-2020.jpg?resize=1024%2C1024&amp;ssl=1 1024w, https:\/\/i0.wp.com\/biomimexpo.com\/wp-content\/uploads\/2020\/11\/PHIL-BECQUET-SPEAKER-BIOMIMEXPO-WEEK-2020.jpg?resize=150%2C150&amp;ssl=1 150w, https:\/\/i0.wp.com\/biomimexpo.com\/wp-content\/uploads\/2020\/11\/PHIL-BECQUET-SPEAKER-BIOMIMEXPO-WEEK-2020.jpg?resize=768%2C768&amp;ssl=1 768w, https:\/\/i0.wp.com\/biomimexpo.com\/wp-content\/uploads\/2020\/11\/PHIL-BECQUET-SPEAKER-BIOMIMEXPO-WEEK-2020.jpg?resize=1536%2C1536&amp;ssl=1 1536w, https:\/\/i0.wp.com\/biomimexpo.com\/wp-content\/uploads\/2020\/11\/PHIL-BECQUET-SPEAKER-BIOMIMEXPO-WEEK-2020.jpg?resize=2048%2C2048&amp;ssl=1 2048w, https:\/\/i0.wp.com\/biomimexpo.com\/wp-content\/uploads\/2020\/11\/PHIL-BECQUET-SPEAKER-BIOMIMEXPO-WEEK-2020.jpg?resize=676%2C676&amp;ssl=1 676w, https:\/\/i0.wp.com\/biomimexpo.com\/wp-content\/uploads\/2020\/11\/PHIL-BECQUET-SPEAKER-BIOMIMEXPO-WEEK-2020.jpg?w=1352&amp;ssl=1 1352w\" sizes=\"auto, (max-width: 300px) 100vw, 300px\" \/><\/a><a href=\"https:\/\/i0.wp.com\/biomimexpo.com\/wp-content\/uploads\/2020\/09\/PHIL-BECQUET-SPEAKER-BIOMIMEXPO-2020.jpg?ssl=1\" target=\"_blank\" rel=\"noopener noreferrer\"><img data-recalc-dims=\"1\" loading=\"lazy\" decoding=\"async\" class=\"partenaires alignnone wp-image-11409 size-medium\" src=\"https:\/\/i0.wp.com\/biomimexpo.com\/wp-content\/uploads\/2020\/09\/PHIL-BECQUET-SPEAKER-BIOMIMEXPO-2020-300x300.jpg?resize=300%2C300&#038;ssl=1\" alt=\"\" width=\"300\" height=\"300\" \/><\/a><\/b><\/p>\n<p><b>Project Manager <a href=\"https:\/\/biomimexpo.com\/en\/2020\/08\/18\/biomimpact-tour\/\" target=\"_blank\" rel=\"noopener noreferrer\">Biom'impact Tour<\/a> Biomimicry in the\u00a0<\/b><strong>at the heart of societal innovation<\/strong><\/p>\n<p>Phil studied fundamental physics at the University of Paris Diderot, then biomimicry at the MSc \"Biomimetics in Energy Systems\" at the University of Applied Science of Carinthia in Austria. He then turned to the world of impact entrepreneurship, working on support programmes for project leaders in the field of climate change, as well as events and communities in social entrepreneurship. Active in the associative field and in search of projects that make sense and aim to accompany a transition in our society, he cultivated the dream of being able to combine social entrepreneurship and biomimicry one day. This opportunity presented itself to him with the Biom'impact Tour, finally combining the two worlds that drive him.<\/p>\n<p>One foot in the SSE (Social and Solidarity Economy) with Makesense, and one foot in Biomimicry with Ceebios.<\/p>\n<hr \/>\n<p><a href=\"https:\/\/www.linkedin.com\/in\/philippe-becquet\/\" target=\"_blank\" rel=\"noopener noreferrer\">LinkedIn<\/a><\/p>\n<hr \/>\n<p><a href=\"https:\/\/biomimexpo.com\/en\/2020\/08\/18\/biomimpact-tour\/\" target=\"_blank\" rel=\"noopener noreferrer\"><img data-recalc-dims=\"1\" loading=\"lazy\" decoding=\"async\" class=\"partenaires alignnone wp-image-10688 size-medium\" src=\"https:\/\/i0.wp.com\/biomimexpo.com\/wp-content\/uploads\/2020\/08\/BIOM-IMPACT-TOUR-EXPOSANT-BIOMIMEXPO-2020-300x300.jpg?resize=300%2C300&#038;ssl=1\" alt=\"\" width=\"300\" height=\"300\" \/><\/a><\/p>\n<p>&nbsp;<\/p>\n<p>&nbsp;<\/p>","protected":false},"excerpt":{"rendered":"<p>Biom'impact Tour Project Manager: biomimicry at the heart of societal innovation Phil trained in Fundamental Physics at the University of Paris Diderot, then in biomimicry during an MSc in \"Biomimetics in Energy Systems\" at the University of Applied Science in Carinthia, Austria. He then turned to the world of \"impact\" entrepreneurship, working on support programmes for start-ups and ... <a href=\"https:\/\/biomimexpo.com\/en\/2020\/09\/18\/phil-becquet\/\" class=\"more-link\">Continue reading <span class=\"screen-reader-text\">PHIL BECQUET<\/span><\/a><\/p>","protected":false},"author":30655367,"featured_media":0,"comment_status":"open","ping_status":"open","sticky":false,"template":"","format":"standard","meta":{"ngg_post_thumbnail":0,"_jetpack_newsletter_access":"","_jetpack_dont_email_post_to_subs":false,"_jetpack_newsletter_tier_id":0,"_jetpack_memberships_contains_paywalled_content":false,"_jetpack_memberships_contains_paid_content":false,"footnotes":"","jetpack_publicize_message":"","jetpack_publicize_feature_enabled":true,"jetpack_social_post_already_shared":true,"jetpack_social_options":{"image_generator_settings":{"template":"highway","default_image_id":0,"font":"","enabled":false},"version":2},"_wpas_customize_per_network":false,"jetpack_post_was_ever_published":false},"categories":[6325],"tags":[],"class_list":["post-11407","post","type-post","status-publish","format-standard","hentry","category-non-classe"],"yoast_head":"<!-- This site is optimized with the Yoast SEO plugin v27.4 - https:\/\/yoast.com\/product\/yoast-seo-wordpress\/ -->\n<title>PHIL BECQUET - Biomim&#039;expo<\/title>\n<meta name=\"robots\" content=\"index, follow, max-snippet:-1, max-image-preview:large, max-video-preview:-1\" \/>\n<link rel=\"canonical\" href=\"https:\/\/biomimexpo.com\/en\/2020\/09\/18\/phil-becquet\/\" \/>\n<meta property=\"og:locale\" content=\"en_GB\" \/>\n<meta property=\"og:type\" content=\"article\" \/>\n<meta property=\"og:title\" content=\"PHIL BECQUET - Biomim&#039;expo\" \/>\n<meta property=\"og:description\" content=\"Chef de Projet Biom\u2019impact Tour : le biomim\u00e9tisme au\u00a0c\u0153ur de l\u2019innovation soci\u00e9tale Form\u00e9 en Physique Fondamentale \u00e0 l\u2019Universit\u00e9 Paris Diderot, puis en biomim\u00e9tisme lors d\u2019un MSc \u201cBiomimetics in Energy Systems\u201d \u00e0 l\u2019Universit\u00e9 de Science Appliqu\u00e9e de Carinthie en Autriche, Phil s\u2019est ensuite tourn\u00e9 vers l\u2019univers de l\u2019entrepreneuriat dit \u201c\u00e0 impact\u201d, en s\u2019occupant de programme d\u2019accompagnement &hellip; Continue reading PHIL BECQUET\" \/>\n<meta property=\"og:url\" content=\"https:\/\/biomimexpo.com\/en\/2020\/09\/18\/phil-becquet\/\" \/>\n<meta property=\"og:site_name\" content=\"Biomim&#039;expo\" \/>\n<meta property=\"article:published_time\" content=\"2020-09-18T20:05:15+00:00\" \/>\n<meta property=\"article:modified_time\" content=\"2020-11-08T15:59:13+00:00\" \/>\n<meta property=\"og:image\" content=\"https:\/\/biomimexpo.com\/wp-content\/uploads\/2020\/11\/PHIL-BECQUET-SPEAKER-BIOMIMEXPO-WEEK-2020-300x300.jpg\" \/>\n<meta name=\"author\" content=\"AR_\" \/>\n<meta name=\"twitter:card\" content=\"summary_large_image\" \/>\n<meta name=\"twitter:label1\" content=\"Written by\" \/>\n\t<meta name=\"twitter:data1\" content=\"AR_\" \/>\n\t<meta name=\"twitter:label2\" content=\"Estimated reading time\" \/>\n\t<meta name=\"twitter:data2\" content=\"1 minute\" \/>\n<script type=\"application\/ld+json\" class=\"yoast-schema-graph\">{\"@context\":\"https:\\\/\\\/schema.org\",\"@graph\":[{\"@type\":\"Article\",\"@id\":\"https:\\\/\\\/biomimexpo.com\\\/2020\\\/09\\\/18\\\/phil-becquet\\\/#article\",\"isPartOf\":{\"@id\":\"https:\\\/\\\/biomimexpo.com\\\/2020\\\/09\\\/18\\\/phil-becquet\\\/\"},\"author\":{\"name\":\"AR_\",\"@id\":\"https:\\\/\\\/biomimexpo.com\\\/#\\\/schema\\\/person\\\/552f552826eb3c1031dfbab5252cdb5f\"},\"headline\":\"PHIL BECQUET\",\"datePublished\":\"2020-09-18T20:05:15+00:00\",\"dateModified\":\"2020-11-08T15:59:13+00:00\",\"mainEntityOfPage\":{\"@id\":\"https:\\\/\\\/biomimexpo.com\\\/2020\\\/09\\\/18\\\/phil-becquet\\\/\"},\"wordCount\":180,\"commentCount\":0,\"image\":{\"@id\":\"https:\\\/\\\/biomimexpo.com\\\/2020\\\/09\\\/18\\\/phil-becquet\\\/#primaryimage\"},\"thumbnailUrl\":\"https:\\\/\\\/biomimexpo.com\\\/wp-content\\\/uploads\\\/2020\\\/11\\\/PHIL-BECQUET-SPEAKER-BIOMIMEXPO-WEEK-2020-300x300.jpg\",\"articleSection\":[\"Non class\u00e9\"],\"inLanguage\":\"en-GB\",\"potentialAction\":[{\"@type\":\"CommentAction\",\"name\":\"Comment\",\"target\":[\"https:\\\/\\\/biomimexpo.com\\\/2020\\\/09\\\/18\\\/phil-becquet\\\/#respond\"]}]},{\"@type\":\"WebPage\",\"@id\":\"https:\\\/\\\/biomimexpo.com\\\/2020\\\/09\\\/18\\\/phil-becquet\\\/\",\"url\":\"https:\\\/\\\/biomimexpo.com\\\/2020\\\/09\\\/18\\\/phil-becquet\\\/\",\"name\":\"PHIL BECQUET - Biomim&#039;expo\",\"isPartOf\":{\"@id\":\"https:\\\/\\\/biomimexpo.com\\\/#website\"},\"primaryImageOfPage\":{\"@id\":\"https:\\\/\\\/biomimexpo.com\\\/2020\\\/09\\\/18\\\/phil-becquet\\\/#primaryimage\"},\"image\":{\"@id\":\"https:\\\/\\\/biomimexpo.com\\\/2020\\\/09\\\/18\\\/phil-becquet\\\/#primaryimage\"},\"thumbnailUrl\":\"https:\\\/\\\/biomimexpo.com\\\/wp-content\\\/uploads\\\/2020\\\/11\\\/PHIL-BECQUET-SPEAKER-BIOMIMEXPO-WEEK-2020-300x300.jpg\",\"datePublished\":\"2020-09-18T20:05:15+00:00\",\"dateModified\":\"2020-11-08T15:59:13+00:00\",\"author\":{\"@id\":\"https:\\\/\\\/biomimexpo.com\\\/#\\\/schema\\\/person\\\/552f552826eb3c1031dfbab5252cdb5f\"},\"breadcrumb\":{\"@id\":\"https:\\\/\\\/biomimexpo.com\\\/2020\\\/09\\\/18\\\/phil-becquet\\\/#breadcrumb\"},\"inLanguage\":\"en-GB\",\"potentialAction\":[{\"@type\":\"ReadAction\",\"target\":[\"https:\\\/\\\/biomimexpo.com\\\/2020\\\/09\\\/18\\\/phil-becquet\\\/\"]}]},{\"@type\":\"ImageObject\",\"inLanguage\":\"en-GB\",\"@id\":\"https:\\\/\\\/biomimexpo.com\\\/2020\\\/09\\\/18\\\/phil-becquet\\\/#primaryimage\",\"url\":\"https:\\\/\\\/biomimexpo.com\\\/wp-content\\\/uploads\\\/2020\\\/11\\\/PHIL-BECQUET-SPEAKER-BIOMIMEXPO-WEEK-2020-300x300.jpg\",\"contentUrl\":\"https:\\\/\\\/biomimexpo.com\\\/wp-content\\\/uploads\\\/2020\\\/11\\\/PHIL-BECQUET-SPEAKER-BIOMIMEXPO-WEEK-2020-300x300.jpg\"},{\"@type\":\"BreadcrumbList\",\"@id\":\"https:\\\/\\\/biomimexpo.com\\\/2020\\\/09\\\/18\\\/phil-becquet\\\/#breadcrumb\",\"itemListElement\":[{\"@type\":\"ListItem\",\"position\":1,\"name\":\"Accueil\",\"item\":\"https:\\\/\\\/biomimexpo.com\\\/\"},{\"@type\":\"ListItem\",\"position\":2,\"name\":\"Non class\u00e9\",\"item\":\"https:\\\/\\\/biomimexpo.com\\\/category\\\/non-classe\\\/\"},{\"@type\":\"ListItem\",\"position\":3,\"name\":\"PHIL BECQUET\"}]},{\"@type\":\"WebSite\",\"@id\":\"https:\\\/\\\/biomimexpo.com\\\/#website\",\"url\":\"https:\\\/\\\/biomimexpo.com\\\/\",\"name\":\"Biomim&#039;expo\",\"description\":\"Le premier salon et showroom du biomim\u00e9tisme\",\"potentialAction\":[{\"@type\":\"SearchAction\",\"target\":{\"@type\":\"EntryPoint\",\"urlTemplate\":\"https:\\\/\\\/biomimexpo.com\\\/?s={search_term_string}\"},\"query-input\":{\"@type\":\"PropertyValueSpecification\",\"valueRequired\":true,\"valueName\":\"search_term_string\"}}],\"inLanguage\":\"en-GB\"},{\"@type\":\"Person\",\"@id\":\"https:\\\/\\\/biomimexpo.com\\\/#\\\/schema\\\/person\\\/552f552826eb3c1031dfbab5252cdb5f\",\"name\":\"AR_\",\"image\":{\"@type\":\"ImageObject\",\"inLanguage\":\"en-GB\",\"@id\":\"https:\\\/\\\/secure.gravatar.com\\\/avatar\\\/e4d0abc8d480254e89f3d2c6e39f05870d577cafd3aca83f9427d6d8b6b785c2?s=96&d=identicon&r=g\",\"url\":\"https:\\\/\\\/secure.gravatar.com\\\/avatar\\\/e4d0abc8d480254e89f3d2c6e39f05870d577cafd3aca83f9427d6d8b6b785c2?s=96&d=identicon&r=g\",\"contentUrl\":\"https:\\\/\\\/secure.gravatar.com\\\/avatar\\\/e4d0abc8d480254e89f3d2c6e39f05870d577cafd3aca83f9427d6d8b6b785c2?s=96&d=identicon&r=g\",\"caption\":\"AR_\"},\"description\":\"Alain Renaudin a cr\u00e9\u00e9 le cabinet \\\"NewCorp Conseil\\\" apr\u00e8s une double exp\u00e9rience en tant que dirigeant d'institut de sondage, l'Ifop, et d'agence de communication au sein de DDB Groupe. Il est en effet plus que jamais utile de rapprocher strat\u00e9gies de communication et strat\u00e9gies d'opinion, pour recr\u00e9er du lien, de la confiance et de la proximit\u00e9 entre les marques, les entreprises, les institutions publiques et leurs publics parties prenantes. Il faut d\u00e9cloisonner connaissance des publics et expertises de communication pour exprimer des id\u00e9es justes, de fa\u00e7on cr\u00e9ative, et d\u00e9ployer des strat\u00e9gies de communication qui s'inscrivent en r\u00e9sonance avec les cibles auxquelles elles s'adressent. L'exp\u00e9rience combin\u00e9e de l'analyse de l'opinion et des m\u00e9tiers de la communication permet de forger un certain regard sur l'actualit\u00e9 des institutions et des entreprises. Un certain regard pour essayer de forger une certaine conviction, pour ne pas toujours chercher sous les r\u00e9verb\u00e8res et faire en sorte que le d\u00e9cloisonnement des id\u00e9es soit une source d'inspiration cr\u00e9ative dans ce monde qui a tant besoin de renouveau, audible, visible et aspirationnel.\",\"sameAs\":[\"http:\\\/\\\/alainrenaudin.wordpress.com\"],\"url\":\"https:\\\/\\\/biomimexpo.com\\\/en\\\/author\\\/alainrenaudin\\\/\"}]}<\/script>\n<!-- \/ Yoast SEO plugin. -->","yoast_head_json":{"title":"PHIL BECQUET - Biomim&#039;expo","robots":{"index":"index","follow":"follow","max-snippet":"max-snippet:-1","max-image-preview":"max-image-preview:large","max-video-preview":"max-video-preview:-1"},"canonical":"https:\/\/biomimexpo.com\/en\/2020\/09\/18\/phil-becquet\/","og_locale":"en_GB","og_type":"article","og_title":"PHIL BECQUET - Biomim&#039;expo","og_description":"Chef de Projet Biom\u2019impact Tour : le biomim\u00e9tisme au\u00a0c\u0153ur de l\u2019innovation soci\u00e9tale Form\u00e9 en Physique Fondamentale \u00e0 l\u2019Universit\u00e9 Paris Diderot, puis en biomim\u00e9tisme lors d\u2019un MSc \u201cBiomimetics in Energy Systems\u201d \u00e0 l\u2019Universit\u00e9 de Science Appliqu\u00e9e de Carinthie en Autriche, Phil s\u2019est ensuite tourn\u00e9 vers l\u2019univers de l\u2019entrepreneuriat dit \u201c\u00e0 impact\u201d, en s\u2019occupant de programme d\u2019accompagnement &hellip; Continue reading PHIL BECQUET","og_url":"https:\/\/biomimexpo.com\/en\/2020\/09\/18\/phil-becquet\/","og_site_name":"Biomim&#039;expo","article_published_time":"2020-09-18T20:05:15+00:00","article_modified_time":"2020-11-08T15:59:13+00:00","og_image":[{"url":"https:\/\/biomimexpo.com\/wp-content\/uploads\/2020\/11\/PHIL-BECQUET-SPEAKER-BIOMIMEXPO-WEEK-2020-300x300.jpg","type":"","width":"","height":""}],"author":"AR_","twitter_card":"summary_large_image","twitter_misc":{"Written by":"AR_","Estimated reading time":"1 minute"},"schema":{"@context":"https:\/\/schema.org","@graph":[{"@type":"Article","@id":"https:\/\/biomimexpo.com\/2020\/09\/18\/phil-becquet\/#article","isPartOf":{"@id":"https:\/\/biomimexpo.com\/2020\/09\/18\/phil-becquet\/"},"author":{"name":"AR_","@id":"https:\/\/biomimexpo.com\/#\/schema\/person\/552f552826eb3c1031dfbab5252cdb5f"},"headline":"PHIL BECQUET","datePublished":"2020-09-18T20:05:15+00:00","dateModified":"2020-11-08T15:59:13+00:00","mainEntityOfPage":{"@id":"https:\/\/biomimexpo.com\/2020\/09\/18\/phil-becquet\/"},"wordCount":180,"commentCount":0,"image":{"@id":"https:\/\/biomimexpo.com\/2020\/09\/18\/phil-becquet\/#primaryimage"},"thumbnailUrl":"https:\/\/biomimexpo.com\/wp-content\/uploads\/2020\/11\/PHIL-BECQUET-SPEAKER-BIOMIMEXPO-WEEK-2020-300x300.jpg","articleSection":["Non class\u00e9"],"inLanguage":"en-GB","potentialAction":[{"@type":"CommentAction","name":"Comment","target":["https:\/\/biomimexpo.com\/2020\/09\/18\/phil-becquet\/#respond"]}]},{"@type":"WebPage","@id":"https:\/\/biomimexpo.com\/2020\/09\/18\/phil-becquet\/","url":"https:\/\/biomimexpo.com\/2020\/09\/18\/phil-becquet\/","name":"PHIL BECQUET - Biomim&#039;expo","isPartOf":{"@id":"https:\/\/biomimexpo.com\/#website"},"primaryImageOfPage":{"@id":"https:\/\/biomimexpo.com\/2020\/09\/18\/phil-becquet\/#primaryimage"},"image":{"@id":"https:\/\/biomimexpo.com\/2020\/09\/18\/phil-becquet\/#primaryimage"},"thumbnailUrl":"https:\/\/biomimexpo.com\/wp-content\/uploads\/2020\/11\/PHIL-BECQUET-SPEAKER-BIOMIMEXPO-WEEK-2020-300x300.jpg","datePublished":"2020-09-18T20:05:15+00:00","dateModified":"2020-11-08T15:59:13+00:00","author":{"@id":"https:\/\/biomimexpo.com\/#\/schema\/person\/552f552826eb3c1031dfbab5252cdb5f"},"breadcrumb":{"@id":"https:\/\/biomimexpo.com\/2020\/09\/18\/phil-becquet\/#breadcrumb"},"inLanguage":"en-GB","potentialAction":[{"@type":"ReadAction","target":["https:\/\/biomimexpo.com\/2020\/09\/18\/phil-becquet\/"]}]},{"@type":"ImageObject","inLanguage":"en-GB","@id":"https:\/\/biomimexpo.com\/2020\/09\/18\/phil-becquet\/#primaryimage","url":"https:\/\/biomimexpo.com\/wp-content\/uploads\/2020\/11\/PHIL-BECQUET-SPEAKER-BIOMIMEXPO-WEEK-2020-300x300.jpg","contentUrl":"https:\/\/biomimexpo.com\/wp-content\/uploads\/2020\/11\/PHIL-BECQUET-SPEAKER-BIOMIMEXPO-WEEK-2020-300x300.jpg"},{"@type":"BreadcrumbList","@id":"https:\/\/biomimexpo.com\/2020\/09\/18\/phil-becquet\/#breadcrumb","itemListElement":[{"@type":"ListItem","position":1,"name":"Accueil","item":"https:\/\/biomimexpo.com\/"},{"@type":"ListItem","position":2,"name":"Non class\u00e9","item":"https:\/\/biomimexpo.com\/category\/non-classe\/"},{"@type":"ListItem","position":3,"name":"PHIL BECQUET"}]},{"@type":"WebSite","@id":"https:\/\/biomimexpo.com\/#website","url":"https:\/\/biomimexpo.com\/","name":"Biomim&#039;expo","description":"Le premier salon et showroom du biomim\u00e9tisme","potentialAction":[{"@type":"SearchAction","target":{"@type":"EntryPoint","urlTemplate":"https:\/\/biomimexpo.com\/?s={search_term_string}"},"query-input":{"@type":"PropertyValueSpecification","valueRequired":true,"valueName":"search_term_string"}}],"inLanguage":"en-GB"},{"@type":"Person","@id":"https:\/\/biomimexpo.com\/#\/schema\/person\/552f552826eb3c1031dfbab5252cdb5f","name":"AR_","image":{"@type":"ImageObject","inLanguage":"en-GB","@id":"https:\/\/secure.gravatar.com\/avatar\/e4d0abc8d480254e89f3d2c6e39f05870d577cafd3aca83f9427d6d8b6b785c2?s=96&d=identicon&r=g","url":"https:\/\/secure.gravatar.com\/avatar\/e4d0abc8d480254e89f3d2c6e39f05870d577cafd3aca83f9427d6d8b6b785c2?s=96&d=identicon&r=g","contentUrl":"https:\/\/secure.gravatar.com\/avatar\/e4d0abc8d480254e89f3d2c6e39f05870d577cafd3aca83f9427d6d8b6b785c2?s=96&d=identicon&r=g","caption":"AR_"},"description":"Alain Renaudin a cr\u00e9\u00e9 le cabinet \"NewCorp Conseil\" apr\u00e8s une double exp\u00e9rience en tant que dirigeant d'institut de sondage, l'Ifop, et d'agence de communication au sein de DDB Groupe. Il est en effet plus que jamais utile de rapprocher strat\u00e9gies de communication et strat\u00e9gies d'opinion, pour recr\u00e9er du lien, de la confiance et de la proximit\u00e9 entre les marques, les entreprises, les institutions publiques et leurs publics parties prenantes. Il faut d\u00e9cloisonner connaissance des publics et expertises de communication pour exprimer des id\u00e9es justes, de fa\u00e7on cr\u00e9ative, et d\u00e9ployer des strat\u00e9gies de communication qui s'inscrivent en r\u00e9sonance avec les cibles auxquelles elles s'adressent. L'exp\u00e9rience combin\u00e9e de l'analyse de l'opinion et des m\u00e9tiers de la communication permet de forger un certain regard sur l'actualit\u00e9 des institutions et des entreprises. Un certain regard pour essayer de forger une certaine conviction, pour ne pas toujours chercher sous les r\u00e9verb\u00e8res et faire en sorte que le d\u00e9cloisonnement des id\u00e9es soit une source d'inspiration cr\u00e9ative dans ce monde qui a tant besoin de renouveau, audible, visible et aspirationnel.","sameAs":["http:\/\/alainrenaudin.wordpress.com"],"url":"https:\/\/biomimexpo.com\/en\/author\/alainrenaudin\/"}]}},"jetpack_publicize_connections":[],"jetpack_featured_media_url":"","jetpack_likes_enabled":true,"jetpack_sharing_enabled":true,"jetpack_shortlink":"https:\/\/wp.me\/p51wao-2XZ","_links":{"self":[{"href":"https:\/\/biomimexpo.com\/en\/wp-json\/wp\/v2\/posts\/11407","targetHints":{"allow":["GET"]}}],"collection":[{"href":"https:\/\/biomimexpo.com\/en\/wp-json\/wp\/v2\/posts"}],"about":[{"href":"https:\/\/biomimexpo.com\/en\/wp-json\/wp\/v2\/types\/post"}],"author":[{"embeddable":true,"href":"https:\/\/biomimexpo.com\/en\/wp-json\/wp\/v2\/users\/30655367"}],"replies":[{"embeddable":true,"href":"https:\/\/biomimexpo.com\/en\/wp-json\/wp\/v2\/comments?post=11407"}],"version-history":[{"count":6,"href":"https:\/\/biomimexpo.com\/en\/wp-json\/wp\/v2\/posts\/11407\/revisions"}],"predecessor-version":[{"id":13395,"href":"https:\/\/biomimexpo.com\/en\/wp-json\/wp\/v2\/posts\/11407\/revisions\/13395"}],"wp:attachment":[{"href":"https:\/\/biomimexpo.com\/en\/wp-json\/wp\/v2\/media?parent=11407"}],"wp:term":[{"taxonomy":"category","embeddable":true,"href":"https:\/\/biomimexpo.com\/en\/wp-json\/wp\/v2\/categories?post=11407"},{"taxonomy":"post_tag","embeddable":true,"href":"https:\/\/biomimexpo.com\/en\/wp-json\/wp\/v2\/tags?post=11407"}],"curies":[{"name":"wp","href":"https:\/\/api.w.org\/{rel}","templated":true}]}}